{"id":230785,"date":"2026-03-29T10:05:15","date_gmt":"2026-03-29T08:05:15","guid":{"rendered":"https:\/\/radiostargjilan.com\/web\/?p=230785"},"modified":"2026-03-29T10:05:15","modified_gmt":"2026-03-29T08:05:15","slug":"parashikimi-i-motit-per-sot-453","status":"publish","type":"post","link":"https:\/\/radiostargjilan.com\/web\/parashikimi-i-motit-per-sot-453\/","title":{"rendered":"Parashikimi i motit p\u00ebr sot"},"content":{"rendered":"<p>T\u00eb diel\u00ebn parashikohet t\u00eb mbaj\u00eb mot kryesisht i vran\u00ebt dhe me reshje t\u00eb izoluara shiu dhe bore n\u00eb lokalitete. Reshjet e izoluara t\u00eb bor\u00ebs mund t\u00eb jen\u00eb t\u00eb pranishme kryesisht gjat\u00eb or\u00ebve t\u00eb para t\u00eb 24-or\u00ebshit dhe n\u00eb m\u00ebngjes.<\/p>\n<p>Era do t\u00eb fryj\u00eb nga veriu, e cila her\u00eb pas here pritet t\u00eb jet\u00eb e fuqishme, me shpejt\u00ebsi prej 15-40 km\/h.<\/p>\n<p>Temperaturat minimale do t\u00eb l\u00ebvizin prej 1 deri n\u00eb 4\u00b0C, nd\u00ebrsa ato maksimale prej 8 deri n\u00eb 11\u00b0C. \/MeteoKosova\/<\/p>\n","protected":false},"excerpt":{"rendered":"<p>T\u00eb diel\u00ebn parashikohet t\u00eb mbaj\u00eb mot kryesisht i vran\u00ebt dhe me reshje t\u00eb izoluara shiu dhe bore n\u00eb lokalitete. Reshjet e izoluara t\u00eb bor\u00ebs mund t\u00eb jen\u00eb t\u00eb pranishme kryesisht gjat\u00eb or\u00ebve t\u00eb para t\u00eb 24-or\u00ebshit dhe n\u00eb m\u00ebngjes. Era do t\u00eb fryj\u00eb nga veriu, e cila her\u00eb pas here pritet t\u00eb jet\u00eb e fuqishme, [&hellip;]<\/p>\n","protected":false},"author":1,"featured_media":230732,"comment_status":"closed","ping_status":"closed","sticky":false,"template":"","format":"standard","meta":{"footnotes":""},"categories":[5],"tags":[],"class_list":{"0":"post-230785","1":"post","2":"type-post","3":"status-publish","4":"format-standard","5":"has-post-thumbnail","7":"category-lajme"},"_links":{"self":[{"href":"https:\/\/radiostargjilan.com\/web\/wp-json\/wp\/v2\/posts\/230785","targetHints":{"allow":["GET"]}}],"collection":[{"href":"https:\/\/radiostargjilan.com\/web\/wp-json\/wp\/v2\/posts"}],"about":[{"href":"https:\/\/radiostargjilan.com\/web\/wp-json\/wp\/v2\/types\/post"}],"author":[{"embeddable":true,"href":"https:\/\/radiostargjilan.com\/web\/wp-json\/wp\/v2\/users\/1"}],"replies":[{"embeddable":true,"href":"https:\/\/radiostargjilan.com\/web\/wp-json\/wp\/v2\/comments?post=230785"}],"version-history":[{"count":1,"href":"https:\/\/radiostargjilan.com\/web\/wp-json\/wp\/v2\/posts\/230785\/revisions"}],"predecessor-version":[{"id":230786,"href":"https:\/\/radiostargjilan.com\/web\/wp-json\/wp\/v2\/posts\/230785\/revisions\/230786"}],"wp:featuredmedia":[{"embeddable":true,"href":"https:\/\/radiostargjilan.com\/web\/wp-json\/wp\/v2\/media\/230732"}],"wp:attachment":[{"href":"https:\/\/radiostargjilan.com\/web\/wp-json\/wp\/v2\/media?parent=230785"}],"wp:term":[{"taxonomy":"category","embeddable":true,"href":"https:\/\/radiostargjilan.com\/web\/wp-json\/wp\/v2\/categories?post=230785"},{"taxonomy":"post_tag","embeddable":true,"href":"https:\/\/radiostargjilan.com\/web\/wp-json\/wp\/v2\/tags?post=230785"}],"curies":[{"name":"wp","href":"https:\/\/api.w.org\/{rel}","templated":true}]}}