{"id":230801,"date":"2026-03-29T13:49:45","date_gmt":"2026-03-29T11:49:45","guid":{"rendered":"https:\/\/radiostargjilan.com\/web\/?p=230801"},"modified":"2026-03-29T13:49:45","modified_gmt":"2026-03-29T11:49:45","slug":"organizatoret-e-ekspozites-masakrat-ne-kosove-1998-1999-kerkojne-falje-publike-qellimi-ishte-te-nderohen-viktimat","status":"publish","type":"post","link":"https:\/\/radiostargjilan.com\/web\/organizatoret-e-ekspozites-masakrat-ne-kosove-1998-1999-kerkojne-falje-publike-qellimi-ishte-te-nderohen-viktimat\/","title":{"rendered":"Organizator\u00ebt e ekspozit\u00ebs \u201cMasakrat n\u00eb Kosov\u00eb 1998-1999\u201d k\u00ebrkojn\u00eb falje publike: Q\u00ebllimi ishte t\u00eb nderohen viktimat"},"content":{"rendered":"<p>Organizatat Integra dhe Admovere kan\u00eb k\u00ebrkuar falje publike pas reagimeve p\u00ebr ekspozit\u00ebn \u201cMasakrat n\u00eb Kosov\u00eb 1998\u20131999\u201d, e cila u prezantua s\u00eb fundmi n\u00eb Prishtin\u00eb.<\/p>\n<p>N\u00eb nj\u00eb reagim n\u00eb Facebook, ato theksuan se q\u00ebllimi i ekspozit\u00ebs ka qen\u00eb nderimi i viktimave civile dhe ruajtja e kujtes\u00ebs p\u00ebr krimet e luft\u00ebs, duke shtuar se n\u00eb asnj\u00eb moment nuk kan\u00eb synuar t\u00eb ofendojn\u00eb ask\u00ebnd.<\/p>\n<p>Ekspozita u kritikua p\u00ebr pasakt\u00ebsi n\u00eb paraqitjen e disa masakrave dhe nxiti reagime nga qytetar\u00eb e figura politike. Organizator\u00ebt k\u00ebrkuan falje familjar\u00ebve t\u00eb viktimave dhe nj\u00ebkoh\u00ebsisht b\u00ebn\u00eb thirrje q\u00eb t\u00eb ndalen sulmet, k\u00ebrc\u00ebnimet dhe lin\u00e7imet, duke k\u00ebrkuar debat t\u00eb qet\u00eb dhe t\u00eb respektuesh\u00ebm.<\/p>\n","protected":false},"excerpt":{"rendered":"<p>Organizatat Integra dhe Admovere kan\u00eb k\u00ebrkuar falje publike pas reagimeve p\u00ebr ekspozit\u00ebn \u201cMasakrat n\u00eb Kosov\u00eb 1998\u20131999\u201d, e cila u prezantua s\u00eb fundmi n\u00eb Prishtin\u00eb. N\u00eb nj\u00eb reagim n\u00eb Facebook, ato theksuan se q\u00ebllimi i ekspozit\u00ebs ka qen\u00eb nderimi i viktimave civile dhe ruajtja e kujtes\u00ebs p\u00ebr krimet e luft\u00ebs, duke shtuar se n\u00eb asnj\u00eb moment [&hellip;]<\/p>\n","protected":false},"author":1,"featured_media":230746,"comment_status":"closed","ping_status":"closed","sticky":false,"template":"","format":"standard","meta":{"footnotes":""},"categories":[5],"tags":[],"class_list":{"0":"post-230801","1":"post","2":"type-post","3":"status-publish","4":"format-standard","5":"has-post-thumbnail","7":"category-lajme"},"_links":{"self":[{"href":"https:\/\/radiostargjilan.com\/web\/wp-json\/wp\/v2\/posts\/230801","targetHints":{"allow":["GET"]}}],"collection":[{"href":"https:\/\/radiostargjilan.com\/web\/wp-json\/wp\/v2\/posts"}],"about":[{"href":"https:\/\/radiostargjilan.com\/web\/wp-json\/wp\/v2\/types\/post"}],"author":[{"embeddable":true,"href":"https:\/\/radiostargjilan.com\/web\/wp-json\/wp\/v2\/users\/1"}],"replies":[{"embeddable":true,"href":"https:\/\/radiostargjilan.com\/web\/wp-json\/wp\/v2\/comments?post=230801"}],"version-history":[{"count":1,"href":"https:\/\/radiostargjilan.com\/web\/wp-json\/wp\/v2\/posts\/230801\/revisions"}],"predecessor-version":[{"id":230802,"href":"https:\/\/radiostargjilan.com\/web\/wp-json\/wp\/v2\/posts\/230801\/revisions\/230802"}],"wp:featuredmedia":[{"embeddable":true,"href":"https:\/\/radiostargjilan.com\/web\/wp-json\/wp\/v2\/media\/230746"}],"wp:attachment":[{"href":"https:\/\/radiostargjilan.com\/web\/wp-json\/wp\/v2\/media?parent=230801"}],"wp:term":[{"taxonomy":"category","embeddable":true,"href":"https:\/\/radiostargjilan.com\/web\/wp-json\/wp\/v2\/categories?post=230801"},{"taxonomy":"post_tag","embeddable":true,"href":"https:\/\/radiostargjilan.com\/web\/wp-json\/wp\/v2\/tags?post=230801"}],"curies":[{"name":"wp","href":"https:\/\/api.w.org\/{rel}","templated":true}]}}