{"id":230806,"date":"2026-03-29T15:54:39","date_gmt":"2026-03-29T13:54:39","guid":{"rendered":"https:\/\/radiostargjilan.com\/web\/?p=230806"},"modified":"2026-03-29T15:54:39","modified_gmt":"2026-03-29T13:54:39","slug":"ovl-uck-ekspozita-ka-qene-fyerje-per-ne-per-kombin","status":"publish","type":"post","link":"https:\/\/radiostargjilan.com\/web\/ovl-uck-ekspozita-ka-qene-fyerje-per-ne-per-kombin\/","title":{"rendered":"OVL-U\u00c7K: Ekspozita ka qen\u00eb fyerje p\u00ebr ne, p\u00ebr kombin"},"content":{"rendered":"<p>Organizata e Veteranv\u00ebve t\u00eb Luft\u00ebs p\u00ebrmes nj\u00eb konference p\u00ebr media ka reaguar kund\u00ebr ekspozit\u00ebs \u201cMasakrat n\u00eb Kosov\u00eb 1998-1999\u201d q\u00eb u shfaq s\u00eb fundmi n\u00eb Prishtin\u00eb.<\/p>\n<p>Ekspozita e cila mori kritika t\u00eb shumta p\u00ebr pasakt\u00ebsit\u00eb e detajeve t\u00eb masakrave q\u00eb kan\u00eb ndodhur gjat\u00eb luft\u00ebs s\u00eb fundit n\u00eb Kosov\u00eb, u p\u00ebrcjell edhe me reagimin e OVL-U\u00c7K.<\/p>\n<p> Banner<\/p>\n<p>Kryetari i OVL-U\u00c7K, Hysni Gucati tha se kjo ekspozit\u00eb ishte fyerje p\u00ebr k\u00ebt\u00eb organizat\u00eb dhe jo vet\u00ebm.<\/p>\n<p>Ai falenderoi kryetarin e Prishtin\u00ebs, P\u00ebrparim Rama i cili mori aksion t\u00eb menj\u00ebhersh\u00ebm p\u00ebr largimin e k\u00ebsaj ekspozite.<\/p>\n<p>\u201cNe shoqatat e dalura nga lufta, si\u00e7 e keni par\u00eb dje edhe reagimin kund\u00ebr k\u00ebsaj ekspozite q\u00eb ka ndodh\u00eb, q\u00eb ka qen\u00eb n\u00eb sheshin e Prishtin\u00ebs. Dua ta falenderoj pa hezitim, P\u00ebrparim Ram\u00ebn q\u00eb ka marr\u00eb aksion t\u00eb shpejt\u00eb p\u00ebr t\u2019i larguar, q\u00eb p\u00ebr ne kan\u00eb qen\u00eb nj\u00eb fyerje, jo vet\u00ebm p\u00ebr neve, por edhe si shoq\u00ebri dhe si komb\u201d, tha Gucati.<\/p>\n","protected":false},"excerpt":{"rendered":"<p>Organizata e Veteranv\u00ebve t\u00eb Luft\u00ebs p\u00ebrmes nj\u00eb konference p\u00ebr media ka reaguar kund\u00ebr ekspozit\u00ebs \u201cMasakrat n\u00eb Kosov\u00eb 1998-1999\u201d q\u00eb u shfaq s\u00eb fundmi n\u00eb Prishtin\u00eb. Ekspozita e cila mori kritika t\u00eb shumta p\u00ebr pasakt\u00ebsit\u00eb e detajeve t\u00eb masakrave q\u00eb kan\u00eb ndodhur gjat\u00eb luft\u00ebs s\u00eb fundit n\u00eb Kosov\u00eb, u p\u00ebrcjell edhe me reagimin e OVL-U\u00c7K. Banner [&hellip;]<\/p>\n","protected":false},"author":1,"featured_media":230746,"comment_status":"closed","ping_status":"closed","sticky":false,"template":"","format":"standard","meta":{"footnotes":""},"categories":[5],"tags":[],"class_list":{"0":"post-230806","1":"post","2":"type-post","3":"status-publish","4":"format-standard","5":"has-post-thumbnail","7":"category-lajme"},"_links":{"self":[{"href":"https:\/\/radiostargjilan.com\/web\/wp-json\/wp\/v2\/posts\/230806","targetHints":{"allow":["GET"]}}],"collection":[{"href":"https:\/\/radiostargjilan.com\/web\/wp-json\/wp\/v2\/posts"}],"about":[{"href":"https:\/\/radiostargjilan.com\/web\/wp-json\/wp\/v2\/types\/post"}],"author":[{"embeddable":true,"href":"https:\/\/radiostargjilan.com\/web\/wp-json\/wp\/v2\/users\/1"}],"replies":[{"embeddable":true,"href":"https:\/\/radiostargjilan.com\/web\/wp-json\/wp\/v2\/comments?post=230806"}],"version-history":[{"count":1,"href":"https:\/\/radiostargjilan.com\/web\/wp-json\/wp\/v2\/posts\/230806\/revisions"}],"predecessor-version":[{"id":230807,"href":"https:\/\/radiostargjilan.com\/web\/wp-json\/wp\/v2\/posts\/230806\/revisions\/230807"}],"wp:featuredmedia":[{"embeddable":true,"href":"https:\/\/radiostargjilan.com\/web\/wp-json\/wp\/v2\/media\/230746"}],"wp:attachment":[{"href":"https:\/\/radiostargjilan.com\/web\/wp-json\/wp\/v2\/media?parent=230806"}],"wp:term":[{"taxonomy":"category","embeddable":true,"href":"https:\/\/radiostargjilan.com\/web\/wp-json\/wp\/v2\/categories?post=230806"},{"taxonomy":"post_tag","embeddable":true,"href":"https:\/\/radiostargjilan.com\/web\/wp-json\/wp\/v2\/tags?post=230806"}],"curies":[{"name":"wp","href":"https:\/\/api.w.org\/{rel}","templated":true}]}}