{"id":230808,"date":"2026-03-29T18:29:33","date_gmt":"2026-03-29T16:29:33","guid":{"rendered":"https:\/\/radiostargjilan.com\/web\/?p=230808"},"modified":"2026-03-29T18:29:33","modified_gmt":"2026-03-29T16:29:33","slug":"ekspozita-ne-prishtine-pdk-mbeshtet-protesten-e-paralajmeruar-nga-ovl-uck","status":"publish","type":"post","link":"https:\/\/radiostargjilan.com\/web\/ekspozita-ne-prishtine-pdk-mbeshtet-protesten-e-paralajmeruar-nga-ovl-uck\/","title":{"rendered":"Ekspozita n\u00eb Prishtin\u00eb, PDK mb\u00ebshtet protest\u00ebn e paralajm\u00ebruar nga OVL-U\u00c7K"},"content":{"rendered":"<p>Partia Demokratike e Kosov\u00ebs ka shprehur mb\u00ebshtetje p\u00ebr protest\u00ebn e paralajm\u00ebruar p\u00ebr nes\u00ebr nga organizatat e dala nga lufta e U\u00c7K-s\u00eb.<\/p>\n<p>Protesta e paralajm\u00ebruar nga OVL-U\u00c7K vie si reagim ndaj ekspozit\u00ebs \u201cMasakrat n\u00eb Kosov\u00eb 1998-1999\u201d q\u00eb u kritikua p\u00ebr pasakt\u00ebsi t\u00eb shumta.<\/p>\n<p>\u201c\u00c7do p\u00ebrpjekje p\u00ebr t\u00eb shtremb\u00ebruar faktet, p\u00ebr t\u00eb relativizuar krimet apo p\u00ebr t\u00eb rishkruar historin\u00eb ton\u00eb \u00ebsht\u00eb e papranueshme dhe duhet t\u00eb kund\u00ebrshtohet me vendosm\u00ebri\u201d, shkruhet n\u00eb komunikat\u00ebn e PDK-s\u00eb.<\/p>\n<p>Komunikata e plot\u00eb:<\/p>\n<p>Prishtin\u00eb, 29 mars \u2013 Partia Demokratike e Kosov\u00ebs shpreh mb\u00ebshtetjen e saj p\u00ebr protest\u00ebn e paralajm\u00ebruar p\u00ebr nes\u00ebr nga organizatat e dala nga lufta e U\u00c7K-s\u00eb.<\/p>\n<p>Kjo protest\u00eb \u00ebsht\u00eb nj\u00eb reagim i drejt\u00eb qytetar dhe komb\u00ebtar p\u00ebr mbrojtjen e dinjitetit t\u00eb viktimave, t\u00eb familjeve t\u00eb tyre dhe t\u00eb vlerave t\u00eb luft\u00ebs \u00e7lirimtare t\u00eb popullit t\u00eb Kosov\u00ebs.<\/p>\n<p>\u00c7do p\u00ebrpjekje p\u00ebr t\u00eb shtremb\u00ebruar faktet, p\u00ebr t\u00eb relativizuar krimet apo p\u00ebr t\u00eb rishkruar historin\u00eb ton\u00eb \u00ebsht\u00eb e papranueshme dhe duhet t\u00eb kund\u00ebrshtohet me vendosm\u00ebri.<\/p>\n<p>Mbrojtja e s\u00eb v\u00ebrtet\u00ebs p\u00ebr luft\u00ebn ton\u00eb \u00ebsht\u00eb nj\u00eb detyrim shtet\u00ebror dhe moral. Duke ruajtur t\u00eb v\u00ebrtet\u00ebn, ne nj\u00ebkoh\u00ebsisht nderojm\u00eb viktimat dhe sakrific\u00ebn e tyre.<\/p>\n","protected":false},"excerpt":{"rendered":"<p>Partia Demokratike e Kosov\u00ebs ka shprehur mb\u00ebshtetje p\u00ebr protest\u00ebn e paralajm\u00ebruar p\u00ebr nes\u00ebr nga organizatat e dala nga lufta e U\u00c7K-s\u00eb. Protesta e paralajm\u00ebruar nga OVL-U\u00c7K vie si reagim ndaj ekspozit\u00ebs \u201cMasakrat n\u00eb Kosov\u00eb 1998-1999\u201d q\u00eb u kritikua p\u00ebr pasakt\u00ebsi t\u00eb shumta. \u201c\u00c7do p\u00ebrpjekje p\u00ebr t\u00eb shtremb\u00ebruar faktet, p\u00ebr t\u00eb relativizuar krimet apo p\u00ebr t\u00eb [&hellip;]<\/p>\n","protected":false},"author":1,"featured_media":230764,"comment_status":"closed","ping_status":"closed","sticky":false,"template":"","format":"standard","meta":{"footnotes":""},"categories":[5],"tags":[],"class_list":{"0":"post-230808","1":"post","2":"type-post","3":"status-publish","4":"format-standard","5":"has-post-thumbnail","7":"category-lajme"},"_links":{"self":[{"href":"https:\/\/radiostargjilan.com\/web\/wp-json\/wp\/v2\/posts\/230808","targetHints":{"allow":["GET"]}}],"collection":[{"href":"https:\/\/radiostargjilan.com\/web\/wp-json\/wp\/v2\/posts"}],"about":[{"href":"https:\/\/radiostargjilan.com\/web\/wp-json\/wp\/v2\/types\/post"}],"author":[{"embeddable":true,"href":"https:\/\/radiostargjilan.com\/web\/wp-json\/wp\/v2\/users\/1"}],"replies":[{"embeddable":true,"href":"https:\/\/radiostargjilan.com\/web\/wp-json\/wp\/v2\/comments?post=230808"}],"version-history":[{"count":1,"href":"https:\/\/radiostargjilan.com\/web\/wp-json\/wp\/v2\/posts\/230808\/revisions"}],"predecessor-version":[{"id":230809,"href":"https:\/\/radiostargjilan.com\/web\/wp-json\/wp\/v2\/posts\/230808\/revisions\/230809"}],"wp:featuredmedia":[{"embeddable":true,"href":"https:\/\/radiostargjilan.com\/web\/wp-json\/wp\/v2\/media\/230764"}],"wp:attachment":[{"href":"https:\/\/radiostargjilan.com\/web\/wp-json\/wp\/v2\/media?parent=230808"}],"wp:term":[{"taxonomy":"category","embeddable":true,"href":"https:\/\/radiostargjilan.com\/web\/wp-json\/wp\/v2\/categories?post=230808"},{"taxonomy":"post_tag","embeddable":true,"href":"https:\/\/radiostargjilan.com\/web\/wp-json\/wp\/v2\/tags?post=230808"}],"curies":[{"name":"wp","href":"https:\/\/api.w.org\/{rel}","templated":true}]}}