{"id":230810,"date":"2026-03-29T19:37:44","date_gmt":"2026-03-29T17:37:44","guid":{"rendered":"https:\/\/radiostargjilan.com\/web\/?p=230810"},"modified":"2026-03-29T19:37:44","modified_gmt":"2026-03-29T17:37:44","slug":"haradinaj-mbeshtes-protesten-e-neserme-ftoj-bashkeluftetaret-dhe-te-gjithe-qytetaret-qe-te-marrin-pjese","status":"publish","type":"post","link":"https:\/\/radiostargjilan.com\/web\/haradinaj-mbeshtes-protesten-e-neserme-ftoj-bashkeluftetaret-dhe-te-gjithe-qytetaret-qe-te-marrin-pjese\/","title":{"rendered":"Haradinaj: Mb\u00ebshtes protest\u00ebn e nes\u00ebrme, ftoj bashk\u00ebluft\u00ebtar\u00ebt dhe t\u00eb gjith\u00eb qytetar\u00ebt q\u00eb t\u00eb marrin pjes\u00eb"},"content":{"rendered":"<p>Ramush Haradinaj mb\u00ebshteti protest\u00ebn e thirrur nga organizatat e kategorive t\u00eb dala nga lufta si reagim ndaj ekspozit\u00ebs me pasakt\u00ebsi p\u00ebr masakrat e luft\u00ebs n\u00eb Kosov\u00eb.<\/p>\n<p>Haradinaj i ftoi bashk\u00ebluft\u00ebtar\u00ebt e tij, familjar\u00ebt e t\u00eb r\u00ebnv\u00ebve dhe t\u00eb gjith\u00eb qytetar\u00ebt q\u00eb t\u00eb dalin nes\u00ebr n\u00eb protest\u00eb.<\/p>\n<p>\u201cMb\u00ebshtes protest\u00ebn e thirrur nga kategorit\u00eb e dala nga lufta e U\u00c7K-s\u00eb kund\u00ebr \u00e7do p\u00ebrpjekjeje p\u00ebr shtremb\u00ebrimin e s\u00eb v\u00ebrtet\u00ebs s\u00eb Luft\u00ebs \u00c7lirimtare\u201d, shkroi ai n\u00eb nj\u00eb postim n\u00eb Facebook.<\/p>\n<p>\u201cFtoj bashk\u00ebluft\u00ebtar\u00ebt, familjar\u00ebt e t\u00eb r\u00ebn\u00ebve dhe gjith\u00eb qytetar\u00ebt q\u00eb nes\u00ebr, m\u00eb 30 mars, n\u00eb ora 13:00, para Kuvendit t\u00eb Kosov\u00ebs, t\u00eb dalin n\u00eb mbrojtje t\u00eb sakrific\u00ebs son\u00eb p\u00ebr liri\u201d, shtoi Haradinaj.<\/p>\n","protected":false},"excerpt":{"rendered":"<p>Ramush Haradinaj mb\u00ebshteti protest\u00ebn e thirrur nga organizatat e kategorive t\u00eb dala nga lufta si reagim ndaj ekspozit\u00ebs me pasakt\u00ebsi p\u00ebr masakrat e luft\u00ebs n\u00eb Kosov\u00eb. Haradinaj i ftoi bashk\u00ebluft\u00ebtar\u00ebt e tij, familjar\u00ebt e t\u00eb r\u00ebnv\u00ebve dhe t\u00eb gjith\u00eb qytetar\u00ebt q\u00eb t\u00eb dalin nes\u00ebr n\u00eb protest\u00eb. \u201cMb\u00ebshtes protest\u00ebn e thirrur nga kategorit\u00eb e dala nga [&hellip;]<\/p>\n","protected":false},"author":1,"featured_media":230811,"comment_status":"closed","ping_status":"closed","sticky":false,"template":"","format":"standard","meta":{"footnotes":""},"categories":[5],"tags":[],"class_list":{"0":"post-230810","1":"post","2":"type-post","3":"status-publish","4":"format-standard","5":"has-post-thumbnail","7":"category-lajme"},"_links":{"self":[{"href":"https:\/\/radiostargjilan.com\/web\/wp-json\/wp\/v2\/posts\/230810","targetHints":{"allow":["GET"]}}],"collection":[{"href":"https:\/\/radiostargjilan.com\/web\/wp-json\/wp\/v2\/posts"}],"about":[{"href":"https:\/\/radiostargjilan.com\/web\/wp-json\/wp\/v2\/types\/post"}],"author":[{"embeddable":true,"href":"https:\/\/radiostargjilan.com\/web\/wp-json\/wp\/v2\/users\/1"}],"replies":[{"embeddable":true,"href":"https:\/\/radiostargjilan.com\/web\/wp-json\/wp\/v2\/comments?post=230810"}],"version-history":[{"count":1,"href":"https:\/\/radiostargjilan.com\/web\/wp-json\/wp\/v2\/posts\/230810\/revisions"}],"predecessor-version":[{"id":230812,"href":"https:\/\/radiostargjilan.com\/web\/wp-json\/wp\/v2\/posts\/230810\/revisions\/230812"}],"wp:featuredmedia":[{"embeddable":true,"href":"https:\/\/radiostargjilan.com\/web\/wp-json\/wp\/v2\/media\/230811"}],"wp:attachment":[{"href":"https:\/\/radiostargjilan.com\/web\/wp-json\/wp\/v2\/media?parent=230810"}],"wp:term":[{"taxonomy":"category","embeddable":true,"href":"https:\/\/radiostargjilan.com\/web\/wp-json\/wp\/v2\/categories?post=230810"},{"taxonomy":"post_tag","embeddable":true,"href":"https:\/\/radiostargjilan.com\/web\/wp-json\/wp\/v2\/tags?post=230810"}],"curies":[{"name":"wp","href":"https:\/\/api.w.org\/{rel}","templated":true}]}}