{"id":230813,"date":"2026-03-29T20:20:45","date_gmt":"2026-03-29T18:20:45","guid":{"rendered":"https:\/\/radiostargjilan.com\/web\/?p=230813"},"modified":"2026-03-29T20:20:45","modified_gmt":"2026-03-29T18:20:45","slug":"rikthimi-ne-politike-a-i-humb-beneficionet-vjosa-osmani-pas-mandatit-si-presidente","status":"publish","type":"post","link":"https:\/\/radiostargjilan.com\/web\/rikthimi-ne-politike-a-i-humb-beneficionet-vjosa-osmani-pas-mandatit-si-presidente\/","title":{"rendered":"\u200bRikthimi n\u00eb politik\u00eb, a i humb beneficionet Vjosa Osmani pas mandatit si presidente?"},"content":{"rendered":"<p>Presidentja e Kosov\u00ebs, Vjosa Osmani, ka paralajm\u00ebruar rikthimin n\u00eb jet\u00ebn aktive politike pas p\u00ebrfundimit t\u00eb mandatit m\u00eb 4 prill, duke ngritur dilema p\u00ebr t\u00eb drejtat q\u00eb i takojn\u00eb pas largimit nga posti m\u00eb i lart\u00eb shtet\u00ebror.<\/p>\n<p>Sipas profesorit t\u00eb \u00e7\u00ebshtjeve juridike Mazllum Baraliu, ligji p\u00ebr presidentin parasheh nj\u00eb s\u00ebr\u00eb beneficionesh p\u00ebr ish-kreun e shtetit. Nd\u00ebr m\u00eb kryesoret jan\u00eb pagesa e p\u00ebrhershme n\u00eb vler\u00eb prej 70 p\u00ebr qind t\u00eb pag\u00ebs aktuale, pasaporta diplomatike, staf mb\u00ebshtet\u00ebs, zyr\u00eb dhe privilegje t\u00eb tjera protokollare, p\u00ebrfshir\u00eb edhe referimin si \u201cpresident\u201d.<\/p>\n<p>P\u00ebr pes\u00eb vitet e para pas mandatit, k\u00ebto beneficione p\u00ebrfshijn\u00eb edhe mb\u00ebshtetje institucionale m\u00eb t\u00eb gjer\u00eb, si staf dhe shpenzime p\u00ebr aktivitete publike.<\/p>\n<p>\u201cBenefitet q\u00eb parashihen n\u00eb ligjin p\u00ebr presidentin, p\u00ebrsa i p\u00ebrket periudh\u00ebs pas p\u00ebrfundimit t\u00eb mandatit, jan\u00eb sakt\u00ebsisht sipas dispozitave t\u00eb p\u00ebrcaktuara n\u00eb ligjin p\u00ebr presidentin, dhe nd\u00ebr m\u00eb t\u00eb r\u00ebnd\u00ebsishmet jan\u00eb q\u00eb p\u00ebr pes\u00eb vitet e para, jan\u00eb disa beneficione t\u00eb ve\u00e7anta q\u00eb kan\u00eb t\u00eb b\u00ebjn\u00eb me stafin e presidentit, q\u00eb kan\u00eb t\u00eb b\u00ebjn\u00eb me zyr\u00ebn e presidentit, q\u00eb kan\u00eb t\u00eb b\u00ebjn\u00eb me p\u00ebrcjelljen e presidentit apo t\u00eb presidentes, dhe beneficionet e ngjashme me k\u00ebt\u00eb\u201d, thot\u00eb ai.<\/p>\n<p>Megjithat\u00eb, sipas Baraliut, ligji nuk jep nj\u00eb p\u00ebrgjigje t\u00eb prer\u00eb n\u00eb rast se nj\u00eb ish-presidente rikthehet aktivisht n\u00eb politik\u00eb. Ai thekson se ekziston nj\u00eb \u201cvakum ligjor\u201d, pasi nuk \u00ebsht\u00eb e specifikuar qart\u00eb n\u00ebse p\u00ebrfshirja politike ndikon n\u00eb vazhdimin ose jo t\u00eb k\u00ebtyre p\u00ebrfitimeve.<\/p>\n<p>N\u00eb interpretim juridik, ai n\u00ebnvizon se \u00e7do gj\u00eb q\u00eb nuk \u00ebsht\u00eb e ndaluar shprehimisht mund t\u00eb konsiderohet e lejuar. Por, sipas tij, fryma e ligjit sugjeron q\u00eb k\u00ebto beneficione jan\u00eb menduar p\u00ebr ish-president\u00eb q\u00eb nuk jan\u00eb m\u00eb aktiv\u00eb n\u00eb jet\u00ebn politike apo publike.<\/p>\n<p>Baraliu thekson gjithashtu se neni 23 i ligjit i jep mund\u00ebsi ish-presidentes q\u00eb me k\u00ebrkes\u00eb personale, t\u00eb heq\u00eb dor\u00eb nga beneficionet.<\/p>\n<p>\u201cN\u00eb ligjin p\u00ebr presidentin, sa i p\u00ebrket k\u00ebsaj \u00e7\u00ebshtjeje dhe pyetjes suaj, ka nj\u00eb heshtje t\u00eb ligjit, respektivisht nj\u00eb vakum ligjor. Nuk \u00ebsht\u00eb mir\u00eb taksativisht e parapar\u00eb n\u00ebse fillon apo vazhdon t\u00eb merret me aktivitete politike n\u00eb jet\u00ebn politike presidenti, ish-presidenti apo ish-presidentja, se \u00e7far\u00eb duhet t\u00eb nd\u00ebrmarr\u00eb. Mir\u00ebpo, duke u bazuar n\u00eb parimet ligjore dhe interpretimet e ligjit, di\u00e7ka q\u00eb nuk \u00ebsht\u00eb shprehimisht, n\u00eb m\u00ebnyr\u00eb ekspresive e ndaluar, nuk do t\u00eb thot\u00eb q\u00eb \u00ebsht\u00eb e palejuar\u201d, shton ai.<\/p>\n<p>P\u00ebrtej aspektit ligjor, ai ngre edhe dimensionin etik. Sipas tij, nuk \u00ebsht\u00eb e q\u00ebndrueshme q\u00eb nj\u00eb individ t\u00eb p\u00ebrfitoj\u00eb nj\u00ebkoh\u00ebsisht nga beneficionet e ish-presidentit dhe nga ato q\u00eb burojn\u00eb nga angazhimi aktiv politik. N\u00eb k\u00ebt\u00eb kuptim, ai vler\u00ebson se nj\u00eb rikthim n\u00eb politik\u00eb do t\u00eb duhej t\u00eb shoq\u00ebrohej me dor\u00ebheqje nga k\u00ebto privilegje, si nj\u00eb akt korrekt\u00ebsie ndaj institucioneve.<\/p>\n<p>\u201cPik\u00ebrisht, n\u00eb qoft\u00eb se flasim p\u00ebr nj\u00eb etik\u00eb politike, n\u00eb qoft\u00eb se flasim p\u00ebr nj\u00eb korrekt\u00ebsi, drejt shtetit dhe institucionit p\u00ebrkat\u00ebs dhe Republik\u00ebs, sigurisht q\u00eb do t\u00eb duhej t\u00eb ndodhte pik\u00ebrisht kjo. N\u00eb rastin, pa marr\u00eb parasysh a \u00ebsht\u00eb apo s\u2019\u00ebsht\u00eb e rregulluar taksativisht n\u00eb aktin n\u00ebnligjor, thjesht do t\u00eb duhej q\u00eb dikush q\u00eb pretendon t\u00eb merret n\u00eb m\u00ebnyr\u00eb aktive n\u00eb politik\u00eb, t\u00eb hiqte dor\u00eb nga beneficionet e presidentit, ish-presidentit apo ish-presidentes, sepse n\u00eb t\u00eb nj\u00ebjt\u00ebn koh\u00eb nuk mund t\u00eb shfryt\u00ebzohen beneficionet\u201d, deklaron ai.<\/p>\n<p>Nd\u00ebrkoh\u00eb, Vjosa Osmani ka shprehur ambicie edhe p\u00ebr nj\u00eb mandat t\u00eb dyt\u00eb presidencial, por deri m\u00eb tani nuk ka siguruar mb\u00ebshtetjen e ndonj\u00eb partie parlamentare n\u00eb Kuvend.<\/p>\n","protected":false},"excerpt":{"rendered":"<p>Presidentja e Kosov\u00ebs, Vjosa Osmani, ka paralajm\u00ebruar rikthimin n\u00eb jet\u00ebn aktive politike pas p\u00ebrfundimit t\u00eb mandatit m\u00eb 4 prill, duke ngritur dilema p\u00ebr t\u00eb drejtat q\u00eb i takojn\u00eb pas largimit nga posti m\u00eb i lart\u00eb shtet\u00ebror. Sipas profesorit t\u00eb \u00e7\u00ebshtjeve juridike Mazllum Baraliu, ligji p\u00ebr presidentin parasheh nj\u00eb s\u00ebr\u00eb beneficionesh p\u00ebr ish-kreun e shtetit. Nd\u00ebr [&hellip;]<\/p>\n","protected":false},"author":1,"featured_media":230783,"comment_status":"closed","ping_status":"closed","sticky":false,"template":"","format":"standard","meta":{"footnotes":""},"categories":[5],"tags":[],"class_list":{"0":"post-230813","1":"post","2":"type-post","3":"status-publish","4":"format-standard","5":"has-post-thumbnail","7":"category-lajme"},"_links":{"self":[{"href":"https:\/\/radiostargjilan.com\/web\/wp-json\/wp\/v2\/posts\/230813","targetHints":{"allow":["GET"]}}],"collection":[{"href":"https:\/\/radiostargjilan.com\/web\/wp-json\/wp\/v2\/posts"}],"about":[{"href":"https:\/\/radiostargjilan.com\/web\/wp-json\/wp\/v2\/types\/post"}],"author":[{"embeddable":true,"href":"https:\/\/radiostargjilan.com\/web\/wp-json\/wp\/v2\/users\/1"}],"replies":[{"embeddable":true,"href":"https:\/\/radiostargjilan.com\/web\/wp-json\/wp\/v2\/comments?post=230813"}],"version-history":[{"count":1,"href":"https:\/\/radiostargjilan.com\/web\/wp-json\/wp\/v2\/posts\/230813\/revisions"}],"predecessor-version":[{"id":230814,"href":"https:\/\/radiostargjilan.com\/web\/wp-json\/wp\/v2\/posts\/230813\/revisions\/230814"}],"wp:featuredmedia":[{"embeddable":true,"href":"https:\/\/radiostargjilan.com\/web\/wp-json\/wp\/v2\/media\/230783"}],"wp:attachment":[{"href":"https:\/\/radiostargjilan.com\/web\/wp-json\/wp\/v2\/media?parent=230813"}],"wp:term":[{"taxonomy":"category","embeddable":true,"href":"https:\/\/radiostargjilan.com\/web\/wp-json\/wp\/v2\/categories?post=230813"},{"taxonomy":"post_tag","embeddable":true,"href":"https:\/\/radiostargjilan.com\/web\/wp-json\/wp\/v2\/tags?post=230813"}],"curies":[{"name":"wp","href":"https:\/\/api.w.org\/{rel}","templated":true}]}}