{"id":230815,"date":"2026-03-29T21:15:03","date_gmt":"2026-03-29T19:15:03","guid":{"rendered":"https:\/\/radiostargjilan.com\/web\/?p=230815"},"modified":"2026-03-29T21:15:10","modified_gmt":"2026-03-29T19:15:10","slug":"kurti-drejtesia-per-masakren-e-belegun-mungon-pavaresisht-identifikimit-te-pergjegjesve","status":"publish","type":"post","link":"https:\/\/radiostargjilan.com\/web\/kurti-drejtesia-per-masakren-e-belegun-mungon-pavaresisht-identifikimit-te-pergjegjesve\/","title":{"rendered":"Kurti: Drejt\u00ebsia p\u00ebr masakr\u00ebn e Belegun mungon, pavar\u00ebsisht identifikimit t\u00eb p\u00ebrgjegj\u00ebsve"},"content":{"rendered":"<p>Kryeministri i Kosov\u00ebs, Albin Kurti ka kujtuar masakr\u00ebn e Belegut t\u00eb kryera nga regjimi i Serbis\u00eb m\u00eb 29 mars 1999.<\/p>\n<p>Kurti ka th\u00ebn\u00eb se drejt\u00ebsia p\u00ebr k\u00ebt\u00eb masak\u00ebr mungon pavar\u00ebsisht identifikimit dhe faktimit t\u00eb personave p\u00ebrgjegjegj\u00ebs.<\/p>\n<p>Ai ka th\u00ebn\u00eb se i kujtojn\u00eb me respekt burrat dhe djemt\u00eb shqiptar\u00eb t\u00eb vrar\u00eb n\u00eb masakr\u00ebn e Belegut, dhe mbajm\u00eb gjall\u00eb t\u00eb v\u00ebrtet\u00ebn e krimeve t\u00eb Serbis\u00eb, q\u00eb ajo t\u00eb mos zbehet kurr\u00eb.<\/p>\n<p>\u201cDeri m\u00eb sot, askush nuk \u00ebsht\u00eb gjykuar apo d\u00ebnuar p\u00ebr k\u00ebt\u00eb masak\u00ebr. Pavar\u00ebsisht d\u00ebshmive t\u00eb t\u00eb mbijetuarve dhe dokumentimit t\u00eb mbledhur nd\u00ebr vite, nuk ka pasur ndjekje penale q\u00eb t\u00eb \u00e7ojn\u00eb n\u00eb d\u00ebnimin e drejtp\u00ebrdrejt\u00eb t\u00eb autor\u00ebve t\u00eb k\u00ebtij krimi. D\u00ebshmia e profesorit Mehmet Mazrekaj, i cili d\u00ebshmoi edhe n\u00eb Tribunalin Nd\u00ebrkomb\u00ebtar p\u00ebr Krimet e Luft\u00ebs n\u00eb ish-Jugosllavi, n\u00ebnvizon se p\u00ebrgjegj\u00ebsit jan\u00eb identifikuar n\u00eb nivel faktesh dhe d\u00ebshmish, por drejt\u00ebsia mbetet e paplot\u00ebsuar. Andaj, pritshm\u00ebrit\u00eb ndaj institucioneve t\u00eb drejt\u00ebsis\u00eb s\u00eb Republik\u00ebs s\u00eb Kosov\u00ebs p\u00ebr t\u00eb avancuar hetimet dhe p\u00ebr t\u00eb ngritur aktakuza p\u00ebr krime lufte, mbeten thelb\u00ebsore\u201d, ka shkruar Kurti t\u00eb diel\u00ebn n\u00eb Facebook.<\/p>\n","protected":false},"excerpt":{"rendered":"<p>Kryeministri i Kosov\u00ebs, Albin Kurti ka kujtuar masakr\u00ebn e Belegut t\u00eb kryera nga regjimi i Serbis\u00eb m\u00eb 29 mars 1999. Kurti ka th\u00ebn\u00eb se drejt\u00ebsia p\u00ebr k\u00ebt\u00eb masak\u00ebr mungon pavar\u00ebsisht identifikimit dhe faktimit t\u00eb personave p\u00ebrgjegjegj\u00ebs. Ai ka th\u00ebn\u00eb se i kujtojn\u00eb me respekt burrat dhe djemt\u00eb shqiptar\u00eb t\u00eb vrar\u00eb n\u00eb masakr\u00ebn e Belegut, dhe [&hellip;]<\/p>\n","protected":false},"author":1,"featured_media":230816,"comment_status":"closed","ping_status":"closed","sticky":false,"template":"","format":"standard","meta":{"footnotes":""},"categories":[5],"tags":[],"class_list":{"0":"post-230815","1":"post","2":"type-post","3":"status-publish","4":"format-standard","5":"has-post-thumbnail","7":"category-lajme"},"_links":{"self":[{"href":"https:\/\/radiostargjilan.com\/web\/wp-json\/wp\/v2\/posts\/230815","targetHints":{"allow":["GET"]}}],"collection":[{"href":"https:\/\/radiostargjilan.com\/web\/wp-json\/wp\/v2\/posts"}],"about":[{"href":"https:\/\/radiostargjilan.com\/web\/wp-json\/wp\/v2\/types\/post"}],"author":[{"embeddable":true,"href":"https:\/\/radiostargjilan.com\/web\/wp-json\/wp\/v2\/users\/1"}],"replies":[{"embeddable":true,"href":"https:\/\/radiostargjilan.com\/web\/wp-json\/wp\/v2\/comments?post=230815"}],"version-history":[{"count":1,"href":"https:\/\/radiostargjilan.com\/web\/wp-json\/wp\/v2\/posts\/230815\/revisions"}],"predecessor-version":[{"id":230817,"href":"https:\/\/radiostargjilan.com\/web\/wp-json\/wp\/v2\/posts\/230815\/revisions\/230817"}],"wp:featuredmedia":[{"embeddable":true,"href":"https:\/\/radiostargjilan.com\/web\/wp-json\/wp\/v2\/media\/230816"}],"wp:attachment":[{"href":"https:\/\/radiostargjilan.com\/web\/wp-json\/wp\/v2\/media?parent=230815"}],"wp:term":[{"taxonomy":"category","embeddable":true,"href":"https:\/\/radiostargjilan.com\/web\/wp-json\/wp\/v2\/categories?post=230815"},{"taxonomy":"post_tag","embeddable":true,"href":"https:\/\/radiostargjilan.com\/web\/wp-json\/wp\/v2\/tags?post=230815"}],"curies":[{"name":"wp","href":"https:\/\/api.w.org\/{rel}","templated":true}]}}