{"id":230818,"date":"2026-03-29T21:32:09","date_gmt":"2026-03-29T19:32:09","guid":{"rendered":"https:\/\/radiostargjilan.com\/web\/?p=230818"},"modified":"2026-03-29T21:32:09","modified_gmt":"2026-03-29T19:32:09","slug":"mbi-1-mije-400-zyrtare-ende-se-kane-deklaruar-pasurine-edhe-tri-dite-afat","status":"publish","type":"post","link":"https:\/\/radiostargjilan.com\/web\/mbi-1-mije-400-zyrtare-ende-se-kane-deklaruar-pasurine-edhe-tri-dite-afat\/","title":{"rendered":"Mbi 1 mij\u00eb 400 zyrtar\u00eb ende s\u2019e kan\u00eb deklaruar pasurin\u00eb, edhe tri dit\u00eb afat"},"content":{"rendered":"<p>Agjencia p\u00ebr Parandalimin e Korrupsionit (APK) b\u00ebri t\u00eb ditur se vet\u00ebm tri dit\u00eb para p\u00ebrfundimit t\u00eb afatit ligjor p\u00ebr deklarimin e rregullt vjetor t\u00eb pasuris\u00eb, nj\u00eb num\u00ebr i konsideruesh\u00ebm i zyrtar\u00ebve publik\u00eb ende nuk e kan\u00eb p\u00ebrmbushur k\u00ebt\u00eb obligim, raporton KosovaPress.<\/p>\n<p>Sipas t\u00eb dh\u00ebnave t\u00eb p\u00ebrdit\u00ebsuara m\u00eb 29 mars 2026 n\u00eb mesdit\u00eb: 7,482 zyrtar\u00eb publik\u00eb ose 72.32% kan\u00eb p\u00ebrfunduar deklarimin, 1,394 ose 13.48% jan\u00eb n\u00eb proces dhe 1,469 ose 14.20% nuk e kan\u00eb filluar fare deklarimin.<\/p>\n<p>\u201cNga gjithsej 10,345 zyrtar\u00eb t\u00eb obliguar, mbi 1,400 ende mbeten jasht\u00eb procesit, duke rrezikuar drejtp\u00ebrdrejt shkeljen e afatit ligjor\u201d, njofton APK.<\/p>\n<p>Sipas k\u00ebsaj agjencie, tri dit\u00ebt n\u00eb vijim jan\u00eb vendimtare dhe \u00e7do mosveprim brenda k\u00ebtij afati aktivizon automatikisht mekanizmat nd\u00ebshkues t\u00eb parapar\u00eb me ligj.<\/p>\n<p>\u201cDeklarimi i pasuris\u00eb nuk \u00ebsht\u00eb opsional \u2013 \u00ebsht\u00eb obligim ligjor. Mosrespektimi i afatit ligjor rezulton me shqiptimin automatik t\u00eb gjob\u00ebs mandatore n\u00eb vler\u00eb prej 30% t\u00eb pag\u00ebs s\u00eb subjektit deklarues. \u00c7do vones\u00eb mbi 15 dit\u00eb p\u00ebrb\u00ebn baz\u00eb p\u00ebr inicimin e hetimeve penale. N\u00eb k\u00ebt\u00eb faz\u00eb, \u00e7do neglizhenc\u00eb \u00ebsht\u00eb e pajustifikueshme. Ftojm\u00eb t\u00eb gjith\u00eb zyrtar\u00ebt q\u00eb t\u00eb p\u00ebrfundojn\u00eb deklarimin menj\u00ebher\u00eb. Koha po p\u00ebrfundon \u2013 veproni tani\u201d, citohet n\u00eb komunikat\u00eb Yll Buleshkaj, drejtor i Agjencis\u00eb p\u00ebr Parandalimin e Korrupsionit.<\/p>\n<p>Agjencia rikujton se mosdeklarimi, vonesa apo deklarimi i pasakt\u00eb, p\u00ebrve\u00e7 mostransparenc\u00ebs dhe llogaridh\u00ebnjes ndaj publikut, p\u00ebrb\u00ebjn\u00eb edhe shkelje t\u00eb drejtp\u00ebrdrejta t\u00eb obligimeve ligjore dhe trajtohen sipas legjislacionit n\u00eb fuqi, duke p\u00ebrfshir\u00eb masa administrative dhe procedura penale.<\/p>\n<p>APK mbetet n\u00eb dispozicion p\u00ebr mb\u00ebshtetje teknike dhe sqarime gjat\u00eb gjith\u00eb periudh\u00ebs, por thekson se p\u00ebrgjegj\u00ebsia p\u00ebr deklarim n\u00eb koh\u00eb \u00ebsht\u00eb individuale dhe e pa transferueshme.<\/p>\n","protected":false},"excerpt":{"rendered":"<p>Agjencia p\u00ebr Parandalimin e Korrupsionit (APK) b\u00ebri t\u00eb ditur se vet\u00ebm tri dit\u00eb para p\u00ebrfundimit t\u00eb afatit ligjor p\u00ebr deklarimin e rregullt vjetor t\u00eb pasuris\u00eb, nj\u00eb num\u00ebr i konsideruesh\u00ebm i zyrtar\u00ebve publik\u00eb ende nuk e kan\u00eb p\u00ebrmbushur k\u00ebt\u00eb obligim, raporton KosovaPress. Sipas t\u00eb dh\u00ebnave t\u00eb p\u00ebrdit\u00ebsuara m\u00eb 29 mars 2026 n\u00eb mesdit\u00eb: 7,482 zyrtar\u00eb publik\u00eb [&hellip;]<\/p>\n","protected":false},"author":1,"featured_media":230819,"comment_status":"closed","ping_status":"closed","sticky":false,"template":"","format":"standard","meta":{"footnotes":""},"categories":[5],"tags":[],"class_list":{"0":"post-230818","1":"post","2":"type-post","3":"status-publish","4":"format-standard","5":"has-post-thumbnail","7":"category-lajme"},"_links":{"self":[{"href":"https:\/\/radiostargjilan.com\/web\/wp-json\/wp\/v2\/posts\/230818","targetHints":{"allow":["GET"]}}],"collection":[{"href":"https:\/\/radiostargjilan.com\/web\/wp-json\/wp\/v2\/posts"}],"about":[{"href":"https:\/\/radiostargjilan.com\/web\/wp-json\/wp\/v2\/types\/post"}],"author":[{"embeddable":true,"href":"https:\/\/radiostargjilan.com\/web\/wp-json\/wp\/v2\/users\/1"}],"replies":[{"embeddable":true,"href":"https:\/\/radiostargjilan.com\/web\/wp-json\/wp\/v2\/comments?post=230818"}],"version-history":[{"count":1,"href":"https:\/\/radiostargjilan.com\/web\/wp-json\/wp\/v2\/posts\/230818\/revisions"}],"predecessor-version":[{"id":230820,"href":"https:\/\/radiostargjilan.com\/web\/wp-json\/wp\/v2\/posts\/230818\/revisions\/230820"}],"wp:featuredmedia":[{"embeddable":true,"href":"https:\/\/radiostargjilan.com\/web\/wp-json\/wp\/v2\/media\/230819"}],"wp:attachment":[{"href":"https:\/\/radiostargjilan.com\/web\/wp-json\/wp\/v2\/media?parent=230818"}],"wp:term":[{"taxonomy":"category","embeddable":true,"href":"https:\/\/radiostargjilan.com\/web\/wp-json\/wp\/v2\/categories?post=230818"},{"taxonomy":"post_tag","embeddable":true,"href":"https:\/\/radiostargjilan.com\/web\/wp-json\/wp\/v2\/tags?post=230818"}],"curies":[{"name":"wp","href":"https:\/\/api.w.org\/{rel}","templated":true}]}}