{"id":230821,"date":"2026-03-29T22:55:02","date_gmt":"2026-03-29T20:55:02","guid":{"rendered":"https:\/\/radiostargjilan.com\/web\/?p=230821"},"modified":"2026-03-29T22:55:02","modified_gmt":"2026-03-29T20:55:02","slug":"kurti-viziton-kombetaren-para-finales-permes-jush-kemi-mundesine-ta-vendosim-kosoven-ne-syte-e-mbare-njerezimit","status":"publish","type":"post","link":"https:\/\/radiostargjilan.com\/web\/kurti-viziton-kombetaren-para-finales-permes-jush-kemi-mundesine-ta-vendosim-kosoven-ne-syte-e-mbare-njerezimit\/","title":{"rendered":"Kurti viziton Komb\u00ebtaren para finales: P\u00ebrmes jush kemi mund\u00ebsin\u00eb ta vendosim Kosov\u00ebn n\u00eb syt\u00eb e mbar\u00eb njer\u00ebzimit"},"content":{"rendered":"<p>Kryeministri i Republik\u00ebs s\u00eb Kosov\u00ebs, Albin Kurti, ka vizituar kampin e Komb\u00ebtares s\u00eb Kosov\u00ebs p\u00ebr ta p\u00ebrg\u00ebzuar ekipin p\u00ebr arritjen n\u00eb finalen e \u2018play-off\u2019-it p\u00ebr Kup\u00ebn e Bot\u00ebs 2026 dhe p\u00ebr t\u2019i ofruar mb\u00ebshtetje para k\u00ebsaj sfide historike p\u00ebrball\u00eb Turqis\u00eb.<\/p>\n<p>Fillimisht, presidenti i FFK-s\u00eb, Agim Ademi, e fal\u00ebnderoi kryeministrin Kurti, ministrin e Sportit, Blerim Gashiani dhe z\u00ebvend\u00ebsministren Daulina Osmani, p\u00ebr p\u00ebrkrahjen e vazhdueshme ndaj ekipit komb\u00ebtar.<\/p>\n<p>N\u00eb fjal\u00ebn e tij para futbollist\u00ebve dhe stafit, kryeministri Kurti i uroi Dardan\u00ebt p\u00ebr fitoren historike n\u00eb Bratisllav\u00eb, duke theksuar se rrug\u00ebtimi deri n\u00eb finale \u00ebsht\u00eb plot\u00ebsisht i merituar.<\/p>\n<p>Sipas tij, miliona shikues n\u00eb mbar\u00eb bot\u00ebn ndjekin k\u00ebt\u00eb ngjarje dhe p\u00ebrmes Komb\u00ebtares ekziston mund\u00ebsia q\u00eb historia dhe talenti i Kosov\u00ebs t\u00eb prezantohen n\u00eb aren\u00ebn m\u00eb t\u00eb madhe.<\/p>\n<p>\u201cP\u00ebrmes juve si ekip e kemi mund\u00ebsin\u00eb ta vendosim Kosov\u00ebn dhe historin\u00eb e saj t\u00eb q\u00ebndres\u00ebs e talentit n\u00eb syt\u00eb e mbar\u00eb njer\u00ebzimit. Pas jush \u00ebsht\u00eb jo vet\u00ebm nj\u00eb shtet, por nj\u00eb komb i t\u00ebr\u00eb. Jan\u00eb tifoz\u00ebt n\u00eb stadium, jan\u00eb familjet tuaja, jan\u00eb qytetar\u00ebt n\u00eb \u00e7do banim, fshat e qytet dhe jan\u00eb t\u00eb gjith\u00eb shqiptar\u00ebt kudo n\u00eb bot\u00eb. Kjo mb\u00ebshtetje masive \u00ebsht\u00eb forca juaj dhe merreni me vete n\u00eb fush\u00eb. Dhe mos harroni besimin p\u00ebr fitore n\u00eb k\u00ebt\u00eb finale e keni nd\u00ebrtuar ju si ekip, me trajnerin dhe gjith\u00eb stafin udh\u00ebheq\u00ebs dhe mb\u00ebshtet\u00ebs\u201d, tha Kurti.<\/p>\n","protected":false},"excerpt":{"rendered":"<p>Kryeministri i Republik\u00ebs s\u00eb Kosov\u00ebs, Albin Kurti, ka vizituar kampin e Komb\u00ebtares s\u00eb Kosov\u00ebs p\u00ebr ta p\u00ebrg\u00ebzuar ekipin p\u00ebr arritjen n\u00eb finalen e \u2018play-off\u2019-it p\u00ebr Kup\u00ebn e Bot\u00ebs 2026 dhe p\u00ebr t\u2019i ofruar mb\u00ebshtetje para k\u00ebsaj sfide historike p\u00ebrball\u00eb Turqis\u00eb. Fillimisht, presidenti i FFK-s\u00eb, Agim Ademi, e fal\u00ebnderoi kryeministrin Kurti, ministrin e Sportit, Blerim Gashiani [&hellip;]<\/p>\n","protected":false},"author":1,"featured_media":230822,"comment_status":"closed","ping_status":"closed","sticky":false,"template":"","format":"standard","meta":{"footnotes":""},"categories":[5],"tags":[],"class_list":{"0":"post-230821","1":"post","2":"type-post","3":"status-publish","4":"format-standard","5":"has-post-thumbnail","7":"category-lajme"},"_links":{"self":[{"href":"https:\/\/radiostargjilan.com\/web\/wp-json\/wp\/v2\/posts\/230821","targetHints":{"allow":["GET"]}}],"collection":[{"href":"https:\/\/radiostargjilan.com\/web\/wp-json\/wp\/v2\/posts"}],"about":[{"href":"https:\/\/radiostargjilan.com\/web\/wp-json\/wp\/v2\/types\/post"}],"author":[{"embeddable":true,"href":"https:\/\/radiostargjilan.com\/web\/wp-json\/wp\/v2\/users\/1"}],"replies":[{"embeddable":true,"href":"https:\/\/radiostargjilan.com\/web\/wp-json\/wp\/v2\/comments?post=230821"}],"version-history":[{"count":1,"href":"https:\/\/radiostargjilan.com\/web\/wp-json\/wp\/v2\/posts\/230821\/revisions"}],"predecessor-version":[{"id":230823,"href":"https:\/\/radiostargjilan.com\/web\/wp-json\/wp\/v2\/posts\/230821\/revisions\/230823"}],"wp:featuredmedia":[{"embeddable":true,"href":"https:\/\/radiostargjilan.com\/web\/wp-json\/wp\/v2\/media\/230822"}],"wp:attachment":[{"href":"https:\/\/radiostargjilan.com\/web\/wp-json\/wp\/v2\/media?parent=230821"}],"wp:term":[{"taxonomy":"category","embeddable":true,"href":"https:\/\/radiostargjilan.com\/web\/wp-json\/wp\/v2\/categories?post=230821"},{"taxonomy":"post_tag","embeddable":true,"href":"https:\/\/radiostargjilan.com\/web\/wp-json\/wp\/v2\/tags?post=230821"}],"curies":[{"name":"wp","href":"https:\/\/api.w.org\/{rel}","templated":true}]}}