{"id":230824,"date":"2026-03-29T23:55:44","date_gmt":"2026-03-29T21:55:44","guid":{"rendered":"https:\/\/radiostargjilan.com\/web\/?p=230824"},"modified":"2026-03-29T23:55:44","modified_gmt":"2026-03-29T21:55:44","slug":"pas-aktgjykimit-te-kushtetueses-neser-mbildhet-kryesia-e-kuvendit","status":"publish","type":"post","link":"https:\/\/radiostargjilan.com\/web\/pas-aktgjykimit-te-kushtetueses-neser-mbildhet-kryesia-e-kuvendit\/","title":{"rendered":"Pas aktgjykimit t\u00eb Kushtetueses, nes\u00ebr mbildhet kryesia e Kuvendit"},"content":{"rendered":"<p>Pak dit\u00eb pas aktgjykimit t\u00eb Gjykat\u00ebs Kushtetuese, kryesia e Kuvendit t\u00eb Kosov\u00ebs do t\u00eb mblidhet t\u00eb h\u00ebn\u00ebn.<\/p>\n<p>Kjo do t\u00eb jet\u00eb mbledhja e par\u00eb pasi Kushtetuesja ka dh\u00ebn\u00eb afat shtes\u00eb p\u00ebr zgjedhjen e presidentit t\u00eb ri, derisa e cil\u00ebsoi pa pasoj\u00eb juridike dekretin e presidentes, Vjosa Osmani, p\u00ebr shp\u00ebrndarjen e legjislativit.<\/p>\n<p>N\u00eb mbledhjen e kryesis\u00eb jan\u00eb disa pika t\u00eb rendit t\u00eb dit\u00ebs.<\/p>\n<p>P\u00ebrve\u00e7 marr\u00ebveshjeve nd\u00ebrkomb\u00ebtare, do t\u00eb trajtohet edhe formimi i komisioneve Ad-Hoc p\u00ebr p\u00ebrzgjedhjen e kandidat\u00ebve p\u00ebr an\u00ebtar\u00eb t\u00eb Komisionit t\u00eb Pavarur t\u00eb Mediave, at\u00eb t\u00eb RTK-s\u00eb, si dhe \u00e7\u00ebshtje t\u00eb tjera.<\/p>\n<p>Ndryshe, me aktgjykimin e Gjykat\u00ebs Kushtetueses \u00ebsht\u00eb anuluar dekreti i presidentes p\u00ebr shp\u00ebrndarjen e Kuvendit dhe deputet\u00ebt kan\u00eb 34 dit\u00eb afat p\u00ebr ta zgjedhur presidentin e ri t\u00eb vendit.<\/p>\n<p>N\u00ebse d\u00ebshton zgjedhja e kreu t\u00eb shtetit, Kuvendi shp\u00ebrndahet dhe zgjedhjet e parakohshme mbahen brenda 45 dit\u00ebsh<\/p>\n","protected":false},"excerpt":{"rendered":"<p>Pak dit\u00eb pas aktgjykimit t\u00eb Gjykat\u00ebs Kushtetuese, kryesia e Kuvendit t\u00eb Kosov\u00ebs do t\u00eb mblidhet t\u00eb h\u00ebn\u00ebn. Kjo do t\u00eb jet\u00eb mbledhja e par\u00eb pasi Kushtetuesja ka dh\u00ebn\u00eb afat shtes\u00eb p\u00ebr zgjedhjen e presidentit t\u00eb ri, derisa e cil\u00ebsoi pa pasoj\u00eb juridike dekretin e presidentes, Vjosa Osmani, p\u00ebr shp\u00ebrndarjen e legjislativit. N\u00eb mbledhjen e kryesis\u00eb [&hellip;]<\/p>\n","protected":false},"author":1,"featured_media":230825,"comment_status":"closed","ping_status":"closed","sticky":false,"template":"","format":"standard","meta":{"footnotes":""},"categories":[5],"tags":[],"class_list":{"0":"post-230824","1":"post","2":"type-post","3":"status-publish","4":"format-standard","5":"has-post-thumbnail","7":"category-lajme"},"_links":{"self":[{"href":"https:\/\/radiostargjilan.com\/web\/wp-json\/wp\/v2\/posts\/230824","targetHints":{"allow":["GET"]}}],"collection":[{"href":"https:\/\/radiostargjilan.com\/web\/wp-json\/wp\/v2\/posts"}],"about":[{"href":"https:\/\/radiostargjilan.com\/web\/wp-json\/wp\/v2\/types\/post"}],"author":[{"embeddable":true,"href":"https:\/\/radiostargjilan.com\/web\/wp-json\/wp\/v2\/users\/1"}],"replies":[{"embeddable":true,"href":"https:\/\/radiostargjilan.com\/web\/wp-json\/wp\/v2\/comments?post=230824"}],"version-history":[{"count":1,"href":"https:\/\/radiostargjilan.com\/web\/wp-json\/wp\/v2\/posts\/230824\/revisions"}],"predecessor-version":[{"id":230826,"href":"https:\/\/radiostargjilan.com\/web\/wp-json\/wp\/v2\/posts\/230824\/revisions\/230826"}],"wp:featuredmedia":[{"embeddable":true,"href":"https:\/\/radiostargjilan.com\/web\/wp-json\/wp\/v2\/media\/230825"}],"wp:attachment":[{"href":"https:\/\/radiostargjilan.com\/web\/wp-json\/wp\/v2\/media?parent=230824"}],"wp:term":[{"taxonomy":"category","embeddable":true,"href":"https:\/\/radiostargjilan.com\/web\/wp-json\/wp\/v2\/categories?post=230824"},{"taxonomy":"post_tag","embeddable":true,"href":"https:\/\/radiostargjilan.com\/web\/wp-json\/wp\/v2\/tags?post=230824"}],"curies":[{"name":"wp","href":"https:\/\/api.w.org\/{rel}","templated":true}]}}