{"id":230827,"date":"2026-03-30T07:07:32","date_gmt":"2026-03-30T05:07:32","guid":{"rendered":"https:\/\/radiostargjilan.com\/web\/?p=230827"},"modified":"2026-03-30T07:07:32","modified_gmt":"2026-03-30T05:07:32","slug":"parashikimi-i-motit-per-sot-454","status":"publish","type":"post","link":"https:\/\/radiostargjilan.com\/web\/parashikimi-i-motit-per-sot-454\/","title":{"rendered":"Parashikimi i motit p\u00ebr sot"},"content":{"rendered":"<p>Sot parashikohet t\u00eb mbaj\u00eb mot kryesisht i vran\u00ebt dhe me ndonj\u00eb reshje t\u00eb izoluar shiu deri n\u00eb pjes\u00ebn e par\u00eb t\u00eb dit\u00ebs, nd\u00ebrsa p\u00ebrgjat\u00eb or\u00ebve t\u00eb pasdites dhe mbr\u00ebmjes, pritet lokalisht reshjet t\u00eb intensifikohen.<\/p>\n<p>Era do t\u00eb fryj\u00eb nga kryesisht nga drejtimi i veriut, me shpejt\u00ebsi prej 10-31 km\/h.<\/p>\n<p>Temperaturat minimale do t\u00eb l\u00ebvizin prej 3 deri n\u00eb 5\u00b0C, nd\u00ebrsa ato maksimale prej 9 deri n\u00eb 15\u00b0C.<\/p>\n","protected":false},"excerpt":{"rendered":"<p>Sot parashikohet t\u00eb mbaj\u00eb mot kryesisht i vran\u00ebt dhe me ndonj\u00eb reshje t\u00eb izoluar shiu deri n\u00eb pjes\u00ebn e par\u00eb t\u00eb dit\u00ebs, nd\u00ebrsa p\u00ebrgjat\u00eb or\u00ebve t\u00eb pasdites dhe mbr\u00ebmjes, pritet lokalisht reshjet t\u00eb intensifikohen. Era do t\u00eb fryj\u00eb nga kryesisht nga drejtimi i veriut, me shpejt\u00ebsi prej 10-31 km\/h. Temperaturat minimale do t\u00eb l\u00ebvizin prej [&hellip;]<\/p>\n","protected":false},"author":1,"featured_media":230732,"comment_status":"closed","ping_status":"closed","sticky":false,"template":"","format":"standard","meta":{"footnotes":""},"categories":[5],"tags":[],"class_list":{"0":"post-230827","1":"post","2":"type-post","3":"status-publish","4":"format-standard","5":"has-post-thumbnail","7":"category-lajme"},"_links":{"self":[{"href":"https:\/\/radiostargjilan.com\/web\/wp-json\/wp\/v2\/posts\/230827","targetHints":{"allow":["GET"]}}],"collection":[{"href":"https:\/\/radiostargjilan.com\/web\/wp-json\/wp\/v2\/posts"}],"about":[{"href":"https:\/\/radiostargjilan.com\/web\/wp-json\/wp\/v2\/types\/post"}],"author":[{"embeddable":true,"href":"https:\/\/radiostargjilan.com\/web\/wp-json\/wp\/v2\/users\/1"}],"replies":[{"embeddable":true,"href":"https:\/\/radiostargjilan.com\/web\/wp-json\/wp\/v2\/comments?post=230827"}],"version-history":[{"count":1,"href":"https:\/\/radiostargjilan.com\/web\/wp-json\/wp\/v2\/posts\/230827\/revisions"}],"predecessor-version":[{"id":230828,"href":"https:\/\/radiostargjilan.com\/web\/wp-json\/wp\/v2\/posts\/230827\/revisions\/230828"}],"wp:featuredmedia":[{"embeddable":true,"href":"https:\/\/radiostargjilan.com\/web\/wp-json\/wp\/v2\/media\/230732"}],"wp:attachment":[{"href":"https:\/\/radiostargjilan.com\/web\/wp-json\/wp\/v2\/media?parent=230827"}],"wp:term":[{"taxonomy":"category","embeddable":true,"href":"https:\/\/radiostargjilan.com\/web\/wp-json\/wp\/v2\/categories?post=230827"},{"taxonomy":"post_tag","embeddable":true,"href":"https:\/\/radiostargjilan.com\/web\/wp-json\/wp\/v2\/tags?post=230827"}],"curies":[{"name":"wp","href":"https:\/\/api.w.org\/{rel}","templated":true}]}}