{"id":230889,"date":"2026-03-31T07:33:10","date_gmt":"2026-03-31T05:33:10","guid":{"rendered":"https:\/\/radiostargjilan.com\/web\/?p=230889"},"modified":"2026-03-31T07:33:10","modified_gmt":"2026-03-31T05:33:10","slug":"bordi-i-paqes-mirepret-vendimin-e-qeverise-se-kosoves-per-dergimin-e-fsk-se-ne-gaze","status":"publish","type":"post","link":"https:\/\/radiostargjilan.com\/web\/bordi-i-paqes-mirepret-vendimin-e-qeverise-se-kosoves-per-dergimin-e-fsk-se-ne-gaze\/","title":{"rendered":"Bordi i Paqes mir\u00ebpret vendimin e Qeveris\u00eb s\u00eb Kosov\u00ebs p\u00ebr d\u00ebrgimin e FSK-s\u00eb n\u00eb Gaz\u00eb"},"content":{"rendered":"<p>Bordi i Paqes e ka mir\u00ebpritur vendimin e Qeveris\u00eb s\u00eb Kosov\u00ebs p\u00ebr d\u00ebrgimin e trupave t\u00eb Forca e Siguris\u00eb s\u00eb Kosov\u00ebs n\u00eb Gaz\u00eb.<\/p>\n<p>Vendimi i ekzekutivit pritet t\u00eb d\u00ebrgohet p\u00ebr miratim edhe n\u00eb Kuvendin e Kosov\u00ebs dhe m\u00eb pas n\u00ebnshkrimi edhe tek Presidenti.<\/p>\n<p>\u201cBordi i Paqes mir\u00ebpret angazhimin e fort\u00eb t\u00eb Qeveris\u00eb s\u00eb Kosov\u00ebs p\u00ebr t\u00eb \u00e7uar p\u00ebrpara paqen dhe rind\u00ebrtimin n\u00eb Gaza\u201d, shkruan n\u00eb llogarin\u00eb e k\u00ebtij mekanzimi n\u00eb X transmeton Klankosova.tv.<\/p>\n<p>Kryeministri, Albin Kurti, gjat\u00eb mbledhjes s\u00eb Qeveris\u00eb, tha se \u201cjemi t\u00eb gatsh\u00ebm t\u00eb marrim pjes\u00eb dhe t\u00eb ndihmojm\u00eb popullin e Gaz\u00ebs, sepse edhe vet\u00eb kemi qen\u00eb dhe jemi p\u00ebrfitues t\u00eb forcave nd\u00ebrkomb\u00ebtare q\u00eb nga viti 1999\u201d.<\/p>\n<p>Derisa, ministri i Mbrojtjes, Ejup Maqedonci, theksoi se p\u00ebrmes k\u00ebtij angazhimi Kosova synon t\u00eb d\u00ebshmoj\u00eb se \u00ebsht\u00eb nj\u00eb partnere e besueshme dhe e gatshme t\u00eb veproj\u00eb krah aleat\u00ebve n\u00eb mb\u00ebshtetje t\u00eb paqes dhe siguris\u00eb.<\/p>\n<p>\u201cKy vendim forcon edhe m\u00eb tej profilin nd\u00ebrkomb\u00ebtar t\u00eb shtetit ton\u00eb, afirmon profesionalizmin e FSK-s\u00eb dhe e vendos republik\u00ebn ton\u00eb n\u00eb radh\u00ebn e shteteve q\u00eb jo vet\u00ebm p\u00ebrfitojn\u00eb nga siguria nd\u00ebrkomb\u00ebtare, por edhe kontribuojn\u00eb vazhdimisht n\u00eb ruajtjen e paqes dhe rendit nd\u00ebrkomb\u00ebtar\u201d, deklaroi ai.\/ Klankosova.tv.<\/p>\n","protected":false},"excerpt":{"rendered":"<p>Bordi i Paqes e ka mir\u00ebpritur vendimin e Qeveris\u00eb s\u00eb Kosov\u00ebs p\u00ebr d\u00ebrgimin e trupave t\u00eb Forca e Siguris\u00eb s\u00eb Kosov\u00ebs n\u00eb Gaz\u00eb. Vendimi i ekzekutivit pritet t\u00eb d\u00ebrgohet p\u00ebr miratim edhe n\u00eb Kuvendin e Kosov\u00ebs dhe m\u00eb pas n\u00ebnshkrimi edhe tek Presidenti. \u201cBordi i Paqes mir\u00ebpret angazhimin e fort\u00eb t\u00eb Qeveris\u00eb s\u00eb Kosov\u00ebs p\u00ebr [&hellip;]<\/p>\n","protected":false},"author":1,"featured_media":230890,"comment_status":"closed","ping_status":"closed","sticky":false,"template":"","format":"standard","meta":{"footnotes":""},"categories":[5],"tags":[],"class_list":{"0":"post-230889","1":"post","2":"type-post","3":"status-publish","4":"format-standard","5":"has-post-thumbnail","7":"category-lajme"},"_links":{"self":[{"href":"https:\/\/radiostargjilan.com\/web\/wp-json\/wp\/v2\/posts\/230889","targetHints":{"allow":["GET"]}}],"collection":[{"href":"https:\/\/radiostargjilan.com\/web\/wp-json\/wp\/v2\/posts"}],"about":[{"href":"https:\/\/radiostargjilan.com\/web\/wp-json\/wp\/v2\/types\/post"}],"author":[{"embeddable":true,"href":"https:\/\/radiostargjilan.com\/web\/wp-json\/wp\/v2\/users\/1"}],"replies":[{"embeddable":true,"href":"https:\/\/radiostargjilan.com\/web\/wp-json\/wp\/v2\/comments?post=230889"}],"version-history":[{"count":1,"href":"https:\/\/radiostargjilan.com\/web\/wp-json\/wp\/v2\/posts\/230889\/revisions"}],"predecessor-version":[{"id":230891,"href":"https:\/\/radiostargjilan.com\/web\/wp-json\/wp\/v2\/posts\/230889\/revisions\/230891"}],"wp:featuredmedia":[{"embeddable":true,"href":"https:\/\/radiostargjilan.com\/web\/wp-json\/wp\/v2\/media\/230890"}],"wp:attachment":[{"href":"https:\/\/radiostargjilan.com\/web\/wp-json\/wp\/v2\/media?parent=230889"}],"wp:term":[{"taxonomy":"category","embeddable":true,"href":"https:\/\/radiostargjilan.com\/web\/wp-json\/wp\/v2\/categories?post=230889"},{"taxonomy":"post_tag","embeddable":true,"href":"https:\/\/radiostargjilan.com\/web\/wp-json\/wp\/v2\/tags?post=230889"}],"curies":[{"name":"wp","href":"https:\/\/api.w.org\/{rel}","templated":true}]}}