{"id":230895,"date":"2026-03-31T08:47:54","date_gmt":"2026-03-31T06:47:54","guid":{"rendered":"https:\/\/radiostargjilan.com\/web\/?p=230895"},"modified":"2026-03-31T08:47:54","modified_gmt":"2026-03-31T06:47:54","slug":"vjedhje-ne-gjilan-kompania-cak-i-hajduteve-per-fije-bakri","status":"publish","type":"post","link":"https:\/\/radiostargjilan.com\/web\/vjedhje-ne-gjilan-kompania-cak-i-hajduteve-per-fije-bakri\/","title":{"rendered":"Vjedhje n\u00eb Gjilan: Kompania cak i hajdut\u00ebve p\u00ebr fije bakri"},"content":{"rendered":"<p>Nj\u00eb rast i vjedhjes s\u00eb r\u00ebnd\u00eb \u00ebsht\u00eb raportuar t\u00eb diel\u00ebn n\u00eb rrug\u00ebn \u201cEnver Rexhepi\u201d n\u00eb Gjilan.  Sipas raportit t\u00eb policis\u00eb, persona t\u00eb panjohur kan\u00eb dep\u00ebrtuar n\u00eb nj\u00eb kompani dhe kan\u00eb vjedhur fije metalike t\u00eb bakrit.<\/p>\n<p> T\u00eb nj\u00ebjtit ende nuk jan\u00eb kapur, nd\u00ebrsa hetimet rreth rastit po vazhdojn\u00eb.  \u201c\u00cbsht\u00eb raportuar se persona t\u00eb panjohur kan\u00eb dep\u00ebrtuar me forc\u00eb p\u00ebrmes dritares n\u00eb objektin e kompanis\u00eb s\u00eb viktim\u00ebs kosovar dhe prej aty kan\u00eb vjedhur fije metalike t\u00eb bakrit. N\u00eb konsultim me prokurorin \u00ebsht\u00eb iniciuar rasti dhe mbetet n\u00eb hetime\u201d, thuhet n\u00eb njoftimin e policis\u00eb.<\/p>\n","protected":false},"excerpt":{"rendered":"<p>Nj\u00eb rast i vjedhjes s\u00eb r\u00ebnd\u00eb \u00ebsht\u00eb raportuar t\u00eb diel\u00ebn n\u00eb rrug\u00ebn \u201cEnver Rexhepi\u201d n\u00eb Gjilan. Sipas raportit t\u00eb policis\u00eb, persona t\u00eb panjohur kan\u00eb dep\u00ebrtuar n\u00eb nj\u00eb kompani dhe kan\u00eb vjedhur fije metalike t\u00eb bakrit. T\u00eb nj\u00ebjtit ende nuk jan\u00eb kapur, nd\u00ebrsa hetimet rreth rastit po vazhdojn\u00eb. \u201c\u00cbsht\u00eb raportuar se persona t\u00eb panjohur kan\u00eb dep\u00ebrtuar [&hellip;]<\/p>\n","protected":false},"author":1,"featured_media":230378,"comment_status":"closed","ping_status":"closed","sticky":false,"template":"","format":"standard","meta":{"footnotes":""},"categories":[5],"tags":[],"class_list":{"0":"post-230895","1":"post","2":"type-post","3":"status-publish","4":"format-standard","5":"has-post-thumbnail","7":"category-lajme"},"_links":{"self":[{"href":"https:\/\/radiostargjilan.com\/web\/wp-json\/wp\/v2\/posts\/230895","targetHints":{"allow":["GET"]}}],"collection":[{"href":"https:\/\/radiostargjilan.com\/web\/wp-json\/wp\/v2\/posts"}],"about":[{"href":"https:\/\/radiostargjilan.com\/web\/wp-json\/wp\/v2\/types\/post"}],"author":[{"embeddable":true,"href":"https:\/\/radiostargjilan.com\/web\/wp-json\/wp\/v2\/users\/1"}],"replies":[{"embeddable":true,"href":"https:\/\/radiostargjilan.com\/web\/wp-json\/wp\/v2\/comments?post=230895"}],"version-history":[{"count":1,"href":"https:\/\/radiostargjilan.com\/web\/wp-json\/wp\/v2\/posts\/230895\/revisions"}],"predecessor-version":[{"id":230896,"href":"https:\/\/radiostargjilan.com\/web\/wp-json\/wp\/v2\/posts\/230895\/revisions\/230896"}],"wp:featuredmedia":[{"embeddable":true,"href":"https:\/\/radiostargjilan.com\/web\/wp-json\/wp\/v2\/media\/230378"}],"wp:attachment":[{"href":"https:\/\/radiostargjilan.com\/web\/wp-json\/wp\/v2\/media?parent=230895"}],"wp:term":[{"taxonomy":"category","embeddable":true,"href":"https:\/\/radiostargjilan.com\/web\/wp-json\/wp\/v2\/categories?post=230895"},{"taxonomy":"post_tag","embeddable":true,"href":"https:\/\/radiostargjilan.com\/web\/wp-json\/wp\/v2\/tags?post=230895"}],"curies":[{"name":"wp","href":"https:\/\/api.w.org\/{rel}","templated":true}]}}