{"id":230897,"date":"2026-03-31T09:09:51","date_gmt":"2026-03-31T07:09:51","guid":{"rendered":"https:\/\/radiostargjilan.com\/web\/?p=230897"},"modified":"2026-03-31T09:09:51","modified_gmt":"2026-03-31T07:09:51","slug":"kryetari-hyseni-fton-qytetaret-qe-ta-ndjekin-perballjen-historike-kosove-turqi-ne-zemer-te-gjilanit","status":"publish","type":"post","link":"https:\/\/radiostargjilan.com\/web\/kryetari-hyseni-fton-qytetaret-qe-ta-ndjekin-perballjen-historike-kosove-turqi-ne-zemer-te-gjilanit\/","title":{"rendered":"Kryetari Hyseni, fton qytetar\u00ebt q\u00eb ta ndjekin p\u00ebrballjen historike Kosov\u00eb-Turqi n\u00eb zem\u00ebr t\u00eb Gjilanit"},"content":{"rendered":"<p>Ndeshja e r\u00ebnd\u00ebsishme e komb\u00ebtar\u00ebs s\u00eb Kosov\u00ebs me Turqin\u00eb n\u00eb nj\u00eb finale q\u00eb vendos fatin e kualifikimit p\u00ebr Kup\u00ebn e Bot\u00ebs 2026, do t\u00eb transmetohet n\u00eb ekran t\u00eb madh n\u00eb sheshin \u201cAgim Ramadani\u201d &#8211; (Platoja e Teatrit) n\u00eb Gjilan sot nga ora 20:45.<\/p>\n<p>Kryetari i Komun\u00ebs s\u00eb Gjilanit, Alban Hyseni, tha se: \u201cDrejt \u00ebnd\u00ebrr\u00ebs bashk\u00eb, bashk\u00eb n\u00eb Gjilan\u201d <\/p>\n<p>Ai njofton qytetar\u00ebt se sot \u00ebsht\u00eb dita e madhe. Kosova jon\u00eb luan finalen e play-off-it kund\u00ebr Turqis\u00eb p\u00ebr nj\u00eb vend n\u00eb Kup\u00ebn e Bot\u00ebs.<\/p>\n<p>\u201cMeqen\u00ebse biletat n\u00eb stadiumin &#8220;Fadil Vokrri&#8221; jan\u00eb shitur t\u00eb gjitha, ne kemi vendosur q\u00eb atmosfer\u00ebn e stadiumit ta sjellim n\u00eb zem\u00ebr t\u00eb qytetit ton\u00eb\u201d, tha Hyseni. <\/p>\n<p>I pari i Gjilanit i fton qytetar\u00ebt q\u00eb ta ndjekin k\u00ebt\u00eb p\u00ebrballje historike n\u00eb ekranin e madh n\u00eb sheshin \u201cAgim Ramadani\u201d &#8211; (Platoja e Teatrit) sot nga ora 20:45.  <\/p>\n<p>\u201cForca Kosova\u201d, thot\u00eb kryetari i Komun\u00ebs s\u00eb Gjilanit, Alban Hyseni.<\/p>\n","protected":false},"excerpt":{"rendered":"<p>Ndeshja e r\u00ebnd\u00ebsishme e komb\u00ebtar\u00ebs s\u00eb Kosov\u00ebs me Turqin\u00eb n\u00eb nj\u00eb finale q\u00eb vendos fatin e kualifikimit p\u00ebr Kup\u00ebn e Bot\u00ebs 2026, do t\u00eb transmetohet n\u00eb ekran t\u00eb madh n\u00eb sheshin \u201cAgim Ramadani\u201d &#8211; (Platoja e Teatrit) n\u00eb Gjilan sot nga ora 20:45. Kryetari i Komun\u00ebs s\u00eb Gjilanit, Alban Hyseni, tha se: \u201cDrejt \u00ebnd\u00ebrr\u00ebs bashk\u00eb, [&hellip;]<\/p>\n","protected":false},"author":1,"featured_media":230898,"comment_status":"closed","ping_status":"closed","sticky":false,"template":"","format":"standard","meta":{"footnotes":""},"categories":[5],"tags":[],"class_list":{"0":"post-230897","1":"post","2":"type-post","3":"status-publish","4":"format-standard","5":"has-post-thumbnail","7":"category-lajme"},"_links":{"self":[{"href":"https:\/\/radiostargjilan.com\/web\/wp-json\/wp\/v2\/posts\/230897","targetHints":{"allow":["GET"]}}],"collection":[{"href":"https:\/\/radiostargjilan.com\/web\/wp-json\/wp\/v2\/posts"}],"about":[{"href":"https:\/\/radiostargjilan.com\/web\/wp-json\/wp\/v2\/types\/post"}],"author":[{"embeddable":true,"href":"https:\/\/radiostargjilan.com\/web\/wp-json\/wp\/v2\/users\/1"}],"replies":[{"embeddable":true,"href":"https:\/\/radiostargjilan.com\/web\/wp-json\/wp\/v2\/comments?post=230897"}],"version-history":[{"count":1,"href":"https:\/\/radiostargjilan.com\/web\/wp-json\/wp\/v2\/posts\/230897\/revisions"}],"predecessor-version":[{"id":230899,"href":"https:\/\/radiostargjilan.com\/web\/wp-json\/wp\/v2\/posts\/230897\/revisions\/230899"}],"wp:featuredmedia":[{"embeddable":true,"href":"https:\/\/radiostargjilan.com\/web\/wp-json\/wp\/v2\/media\/230898"}],"wp:attachment":[{"href":"https:\/\/radiostargjilan.com\/web\/wp-json\/wp\/v2\/media?parent=230897"}],"wp:term":[{"taxonomy":"category","embeddable":true,"href":"https:\/\/radiostargjilan.com\/web\/wp-json\/wp\/v2\/categories?post=230897"},{"taxonomy":"post_tag","embeddable":true,"href":"https:\/\/radiostargjilan.com\/web\/wp-json\/wp\/v2\/tags?post=230897"}],"curies":[{"name":"wp","href":"https:\/\/api.w.org\/{rel}","templated":true}]}}