{"id":230903,"date":"2026-03-31T12:06:56","date_gmt":"2026-03-31T10:06:56","guid":{"rendered":"https:\/\/radiostargjilan.com\/web\/?p=230903"},"modified":"2026-03-31T12:06:56","modified_gmt":"2026-03-31T10:06:56","slug":"901-zyrtare-publike-nuk-e-kane-deklaruar-pasurine-afati-perfundon-sot","status":"publish","type":"post","link":"https:\/\/radiostargjilan.com\/web\/901-zyrtare-publike-nuk-e-kane-deklaruar-pasurine-afati-perfundon-sot\/","title":{"rendered":"901 zyrtar\u00eb publik\u00eb nuk e kan\u00eb deklaruar pasurin\u00eb, afati p\u00ebrfundon sot"},"content":{"rendered":"<p>Agjencia p\u00ebr Parandalimin e Korrupsionit (APK) ka njoftuar se procesi i deklarimit vjetor t\u00eb pasuris\u00eb po zhvillohet sipas afateve ligjore, me shumic\u00ebn e zyrtar\u00ebve publik\u00eb q\u00eb tashm\u00eb kan\u00eb p\u00ebrmbushur obligimin.<\/p>\n<p>Sipas t\u00eb dh\u00ebnave t\u00eb fundit, 79.79% e zyrtar\u00ebve (8276 persona) kan\u00eb deklaruar pasurin\u00eb, 11.52% jan\u00eb ende n\u00eb proces, nd\u00ebrsa 8.69% nuk e kan\u00eb nisur ende k\u00ebt\u00eb procedur\u00eb. Afati p\u00ebrfundimtar p\u00ebr deklarimin \u00ebsht\u00eb 31 mars 2026, deri n\u00eb mesnat\u00eb, dhe nuk parashihet shtyrje pa pasoja juridike, p\u00ebrve\u00e7 rasteve t\u00eb ve\u00e7anta teknike.<\/p>\n<p>APK paralajm\u00ebron masa nd\u00ebshkuese p\u00ebr zyrtar\u00ebt q\u00eb nuk respektojn\u00eb afatin, p\u00ebrfshir\u00eb gjoba n\u00eb vler\u00eb prej 30% t\u00eb pag\u00ebs mujore. N\u00eb rast t\u00eb mosdeklarimit edhe pas masave administrative, \u00e7\u00ebshtja mund t\u00eb procedohet m\u00eb tej me kall\u00ebzime penale n\u00eb prokurori.<\/p>\n<p>Verifikimi i pasuris\u00eb b\u00ebhet p\u00ebrmes shortit t\u00eb rast\u00ebsish\u00ebm ose bazuar n\u00eb informacione nga qytetar\u00ebt, mediat dhe institucionet. Nd\u00ebrkoh\u00eb, deklarimi i rrem\u00eb ose i paplot\u00eb mund t\u00eb \u00e7oj\u00eb n\u00eb pasoja ligjore, p\u00ebrfshir\u00eb hetime dhe njoftim t\u00eb institucioneve relevante si Administrata Tatimore apo Dogana.\/Front Online<\/p>\n","protected":false},"excerpt":{"rendered":"<p>Agjencia p\u00ebr Parandalimin e Korrupsionit (APK) ka njoftuar se procesi i deklarimit vjetor t\u00eb pasuris\u00eb po zhvillohet sipas afateve ligjore, me shumic\u00ebn e zyrtar\u00ebve publik\u00eb q\u00eb tashm\u00eb kan\u00eb p\u00ebrmbushur obligimin. Sipas t\u00eb dh\u00ebnave t\u00eb fundit, 79.79% e zyrtar\u00ebve (8276 persona) kan\u00eb deklaruar pasurin\u00eb, 11.52% jan\u00eb ende n\u00eb proces, nd\u00ebrsa 8.69% nuk e kan\u00eb nisur ende [&hellip;]<\/p>\n","protected":false},"author":1,"featured_media":230819,"comment_status":"closed","ping_status":"closed","sticky":false,"template":"","format":"standard","meta":{"footnotes":""},"categories":[5],"tags":[],"class_list":{"0":"post-230903","1":"post","2":"type-post","3":"status-publish","4":"format-standard","5":"has-post-thumbnail","7":"category-lajme"},"_links":{"self":[{"href":"https:\/\/radiostargjilan.com\/web\/wp-json\/wp\/v2\/posts\/230903","targetHints":{"allow":["GET"]}}],"collection":[{"href":"https:\/\/radiostargjilan.com\/web\/wp-json\/wp\/v2\/posts"}],"about":[{"href":"https:\/\/radiostargjilan.com\/web\/wp-json\/wp\/v2\/types\/post"}],"author":[{"embeddable":true,"href":"https:\/\/radiostargjilan.com\/web\/wp-json\/wp\/v2\/users\/1"}],"replies":[{"embeddable":true,"href":"https:\/\/radiostargjilan.com\/web\/wp-json\/wp\/v2\/comments?post=230903"}],"version-history":[{"count":1,"href":"https:\/\/radiostargjilan.com\/web\/wp-json\/wp\/v2\/posts\/230903\/revisions"}],"predecessor-version":[{"id":230904,"href":"https:\/\/radiostargjilan.com\/web\/wp-json\/wp\/v2\/posts\/230903\/revisions\/230904"}],"wp:featuredmedia":[{"embeddable":true,"href":"https:\/\/radiostargjilan.com\/web\/wp-json\/wp\/v2\/media\/230819"}],"wp:attachment":[{"href":"https:\/\/radiostargjilan.com\/web\/wp-json\/wp\/v2\/media?parent=230903"}],"wp:term":[{"taxonomy":"category","embeddable":true,"href":"https:\/\/radiostargjilan.com\/web\/wp-json\/wp\/v2\/categories?post=230903"},{"taxonomy":"post_tag","embeddable":true,"href":"https:\/\/radiostargjilan.com\/web\/wp-json\/wp\/v2\/tags?post=230903"}],"curies":[{"name":"wp","href":"https:\/\/api.w.org\/{rel}","templated":true}]}}