{"id":230908,"date":"2026-03-31T13:59:19","date_gmt":"2026-03-31T11:59:19","guid":{"rendered":"https:\/\/radiostargjilan.com\/web\/?p=230908"},"modified":"2026-03-31T13:59:19","modified_gmt":"2026-03-31T11:59:19","slug":"ffk-thirrje-tifozeve-respektoni-himnin-e-kundershtarit-dhe-mos-e-ndalni-kengen-me-te-filluar-loja","status":"publish","type":"post","link":"https:\/\/radiostargjilan.com\/web\/ffk-thirrje-tifozeve-respektoni-himnin-e-kundershtarit-dhe-mos-e-ndalni-kengen-me-te-filluar-loja\/","title":{"rendered":"FFK thirrje tifoz\u00ebve: Respektoni himnin e kund\u00ebrshtarit dhe mos e ndalni k\u00ebng\u00ebn me t\u00eb filluar loja"},"content":{"rendered":"<p>Federata e Futbollit t\u00eb Kosov\u00ebs ka l\u00ebshuar nj\u00eb thirrje p\u00ebr tifoz\u00ebt n\u00eb p\u00ebrkrahje t\u00eb Kosov\u00ebs p\u00ebr ndeshjen finale p\u00ebr kualifikim n\u00eb Kampionatin Bot\u00ebror kund\u00ebr Turqis\u00eb.<\/p>\n<p>N\u00eb thirrjen e federat\u00ebs thuhet se ndeshja e sotme nuk \u00ebsht\u00eb p\u00ebr t\u00eb q\u00ebndruar ulur n\u00eb stadium dhe par\u00eb ndeshjen si spektator.<\/p>\n<p>FFK ka b\u00ebr\u00eb thirrje q\u00eb t\u00eb respektohet himini i Turqis\u00eb, por me t\u00eb filluar loja k\u00ebrkohet p\u00ebrkrahje e madhe.<\/p>\n<p>\u201cRespekti p\u00ebr kund\u00ebrshtarin \u00ebsht\u00eb vler\u00eb dhe duhet t\u00eb mbetet i till\u00eb sidomos gjat\u00eb intonimit t\u00eb himnit, pasi p\u00ebrballemi me nj\u00eb shtet mik. Por sapo topi t\u00eb nis\u00eb t\u00eb rrokulliset, stadiumi \u201cFadil Vokrri\u201d duhet t\u00eb shnd\u00ebrrohet n\u00eb nj\u00eb aren\u00eb ku edhe kund\u00ebrshtari i sot\u00ebm e ndjen pesh\u00ebn e nj\u00eb kombi t\u00eb t\u00ebr\u00eb. Nj\u00eb vend ku \u00e7do met\u00ebr i fush\u00ebs fitohet edhe nga tribuna. Mos e ndal k\u00ebng\u00ebn kur topin e kemi ne. Mos e ndal atmosfer\u00ebn kur e kan\u00eb ata. Sepse energjia q\u00eb krijohet nga tribuna \u00ebsht\u00eb m\u00eb shum\u00eb se atmosfer\u00eb, \u00ebsht\u00eb presion, \u00ebsht\u00eb motivim, \u00ebsht\u00eb avantazh\u201d, thuhet nga FFK.<\/p>\n<p>Mesazhi i plot\u00eb i FFK-s\u00eb<\/p>\n<p>Ka momente n\u00eb histori q\u00eb nuk p\u00ebrs\u00ebriten. Momente q\u00eb nuk vijn\u00eb dy her\u00eb, q\u00eb nuk t\u00eb japin luksin e hezitimit. Sonte \u00ebsht\u00eb nj\u00eb i till\u00eb.<\/p>\n<p>Sot nuk \u00ebsht\u00eb dit\u00eb p\u00ebr t\u00eb q\u00ebndruar ulur n\u00eb tribunat e stadiumit. Nuk \u00ebsht\u00eb mbr\u00ebmje p\u00ebr ta par\u00eb ndeshjen si spektator\u00eb t\u00eb qet\u00eb. Sot \u00ebsht\u00eb momenti kur secili prej nesh duhet t\u00eb jet\u00eb n\u00eb k\u00ebmb\u00eb, me z\u00ebrin n\u00eb maksimum, me zemr\u00ebn q\u00eb rreh p\u00ebr nj\u00eb em\u00ebr t\u00eb vet\u00ebm: Kosov\u00eb.<\/p>\n<p>Jemi vet\u00ebm nj\u00eb hap larg Bot\u00ebrorit. Nj\u00eb hap q\u00eb p\u00ebr shum\u00ebk\u00ebnd ka qen\u00eb \u00ebnd\u00ebrr e larg\u00ebt p\u00ebr dekada. Nj\u00eb shans q\u00eb mund t\u00eb vij\u00eb vet\u00ebm nj\u00eb her\u00eb n\u00eb jet\u00ebn ton\u00eb. Dhe kur historia t\u00eb troket n\u00eb der\u00eb, nuk hapet me heshtje, hapet me zhurm\u00eb, me pasion, me shpirt.<\/p>\n<p>Stadiumi nuk \u00ebsht\u00eb teat\u00ebr. Nuk ka skenar t\u00eb shkruar, nuk ka audienc\u00eb pasive. Ka vet\u00ebm nj\u00eb rol p\u00ebr t\u00eb gjith\u00eb: t\u00eb jemi lojtari i dymb\u00ebdhjet\u00eb. Dardan\u00ebt n\u00eb fush\u00eb kan\u00eb nevoj\u00eb p\u00ebr at\u00eb shtys\u00eb q\u00eb nuk matet me statistika, por ndjehet n\u00eb \u00e7do sprint, n\u00eb \u00e7do duel, n\u00eb \u00e7do goditje.<\/p>\n<p>Respekti p\u00ebr kund\u00ebrshtarin \u00ebsht\u00eb vler\u00eb dhe duhet t\u00eb mbetet i till\u00eb sidomos gjat\u00eb intonimit t\u00eb himnit, pasi p\u00ebrballemi me nj\u00eb shtet mik.<\/p>\n<p>Por sapo topi t\u00eb nis\u00eb t\u00eb rrokulliset, stadiumi \u201cFadil Vokrri\u201d duhet t\u00eb shnd\u00ebrrohet n\u00eb nj\u00eb aren\u00eb ku edhe kund\u00ebrshtari i sot\u00ebm e ndjen pesh\u00ebn e nj\u00eb kombi t\u00eb t\u00ebr\u00eb. Nj\u00eb vend ku \u00e7do met\u00ebr i fush\u00ebs fitohet edhe nga tribuna.<\/p>\n<p>Mos e ndal k\u00ebng\u00ebn kur topin e kemi ne. Mos e ndal atmosfer\u00ebn kur e kan\u00eb ata. Sepse energjia q\u00eb krijohet nga tribuna \u00ebsht\u00eb m\u00eb shum\u00eb se atmosfer\u00eb, \u00ebsht\u00eb presion, \u00ebsht\u00eb motivim, \u00ebsht\u00eb avantazh.<\/p>\n<p>Bileta p\u00ebr n\u00eb Bot\u00ebror nuk \u00ebsht\u00eb vet\u00ebm nj\u00eb arritje sportive. \u00cbsht\u00eb nj\u00eb mund\u00ebsi p\u00ebr t\u00eb treguar Kosov\u00ebn para bot\u00ebs, p\u00ebr t\u00eb promovuar identitetin, historin\u00eb dhe krenarin\u00eb ton\u00eb n\u00eb sken\u00ebn m\u00eb t\u00eb madhe t\u00eb futbollit.<\/p>\n<p>Sonte nuk luan vet\u00ebm nj\u00eb ekip. Sonte luan nj\u00eb komb i t\u00ebr\u00eb.<\/p>\n<p>Beso. K\u00ebndo. Brohorit.<\/p>\n<p>Sepse sonte, historia mund t\u00eb shkruhet me z\u00ebrin t\u00ebnd.<\/p>\n","protected":false},"excerpt":{"rendered":"<p>Federata e Futbollit t\u00eb Kosov\u00ebs ka l\u00ebshuar nj\u00eb thirrje p\u00ebr tifoz\u00ebt n\u00eb p\u00ebrkrahje t\u00eb Kosov\u00ebs p\u00ebr ndeshjen finale p\u00ebr kualifikim n\u00eb Kampionatin Bot\u00ebror kund\u00ebr Turqis\u00eb. N\u00eb thirrjen e federat\u00ebs thuhet se ndeshja e sotme nuk \u00ebsht\u00eb p\u00ebr t\u00eb q\u00ebndruar ulur n\u00eb stadium dhe par\u00eb ndeshjen si spektator. FFK ka b\u00ebr\u00eb thirrje q\u00eb t\u00eb respektohet himini [&hellip;]<\/p>\n","protected":false},"author":1,"featured_media":230909,"comment_status":"closed","ping_status":"closed","sticky":false,"template":"","format":"standard","meta":{"footnotes":""},"categories":[5],"tags":[],"class_list":{"0":"post-230908","1":"post","2":"type-post","3":"status-publish","4":"format-standard","5":"has-post-thumbnail","7":"category-lajme"},"_links":{"self":[{"href":"https:\/\/radiostargjilan.com\/web\/wp-json\/wp\/v2\/posts\/230908","targetHints":{"allow":["GET"]}}],"collection":[{"href":"https:\/\/radiostargjilan.com\/web\/wp-json\/wp\/v2\/posts"}],"about":[{"href":"https:\/\/radiostargjilan.com\/web\/wp-json\/wp\/v2\/types\/post"}],"author":[{"embeddable":true,"href":"https:\/\/radiostargjilan.com\/web\/wp-json\/wp\/v2\/users\/1"}],"replies":[{"embeddable":true,"href":"https:\/\/radiostargjilan.com\/web\/wp-json\/wp\/v2\/comments?post=230908"}],"version-history":[{"count":1,"href":"https:\/\/radiostargjilan.com\/web\/wp-json\/wp\/v2\/posts\/230908\/revisions"}],"predecessor-version":[{"id":230910,"href":"https:\/\/radiostargjilan.com\/web\/wp-json\/wp\/v2\/posts\/230908\/revisions\/230910"}],"wp:featuredmedia":[{"embeddable":true,"href":"https:\/\/radiostargjilan.com\/web\/wp-json\/wp\/v2\/media\/230909"}],"wp:attachment":[{"href":"https:\/\/radiostargjilan.com\/web\/wp-json\/wp\/v2\/media?parent=230908"}],"wp:term":[{"taxonomy":"category","embeddable":true,"href":"https:\/\/radiostargjilan.com\/web\/wp-json\/wp\/v2\/categories?post=230908"},{"taxonomy":"post_tag","embeddable":true,"href":"https:\/\/radiostargjilan.com\/web\/wp-json\/wp\/v2\/tags?post=230908"}],"curies":[{"name":"wp","href":"https:\/\/api.w.org\/{rel}","templated":true}]}}