{"id":230911,"date":"2026-03-31T15:23:33","date_gmt":"2026-03-31T13:23:33","guid":{"rendered":"https:\/\/radiostargjilan.com\/web\/?p=230911"},"modified":"2026-03-31T15:23:33","modified_gmt":"2026-03-31T13:23:33","slug":"ovl-e-uck-se-kerkon-terheqjen-e-mbeshtetjes-per-publikimin-masakrat-ne-kosove-1998-1999","status":"publish","type":"post","link":"https:\/\/radiostargjilan.com\/web\/ovl-e-uck-se-kerkon-terheqjen-e-mbeshtetjes-per-publikimin-masakrat-ne-kosove-1998-1999\/","title":{"rendered":"OVL e U\u00c7K-s\u00eb k\u00ebrkon t\u00ebrheqjen e mb\u00ebshtetjes p\u00ebr publikimin \u201cMasakrat n\u00eb Kosov\u00eb 1998\u20131999\u201d"},"content":{"rendered":"<p>Organizata e Veteran\u00ebve t\u00eb Luft\u00ebs s\u00eb U\u00c7K-s\u00eb (OVL-U\u00c7K) ka b\u00ebr\u00eb t\u00eb ditur se i \u00ebsht\u00eb drejtuar me nj\u00eb let\u00ebr publike disa institucioneve dhe organizatave nd\u00ebrkomb\u00ebtare, duke k\u00ebrkuar t\u00ebrheqjen e emrave t\u00eb tyre nga \u00e7do referenc\u00eb e mb\u00ebshtetjes p\u00ebr publikimin \u201cMasakrat n\u00eb Kosov\u00eb 1998\u20131999\u201d, t\u00eb autorit Shk\u00eblzen Gashi.<\/p>\n<div class=\"code-block code-block-8\">\n<div id=\"mandeta_1f070636ecb54ef79b421c507c4e580b_zone_103976_sect_47401_site_41437\" data-sender=\"mandeta\">\n<div class=\"resize-sensor\" dir=\"ltr\">\n<div class=\"resize-sensor-expand\">\n<p>Sipas OVL-U\u00c7K-s\u00eb, letra u \u00ebsht\u00eb d\u00ebrguar Community Development Fund (CDF) \u2013 Ambasada e Suedis\u00eb n\u00eb Kosov\u00eb, Rockefeller Brothers Fund (RBF), Institute of International Education (IIE), Departamenti Federal i Pun\u00ebve t\u00eb Jashtme i Zvicr\u00ebs (FDFA) \u2013 Ambasada e Zvicr\u00ebs n\u00eb Kosov\u00eb, Cultural Heritage without Borders (CHwB), si dhe Kosovo Foundation for Open Society (KFOS) \/ Open Society Foundations.<\/p>\n<div class=\"jeg_ad jeg_ad_article jnews_content_inline_ads  \">\n<div class=\"ads-wrapper align-center \"><\/div>\n<\/div>\n<p><ins><\/ins>N\u00eb reagimin e saj, OVL-U\u00c7K shpreh shqet\u00ebsime serioze lidhur me besueshm\u00ebrin\u00eb dhe integritetin e k\u00ebtij publikimi, duke theksuar se trajtimi i temave t\u00eb ndjeshme historike k\u00ebrkon standarde t\u00eb larta profesionale dhe p\u00ebrgjegj\u00ebsi t\u00eb shtuar.<\/p>\n<p>Sipas letr\u00ebs, nj\u00eb nga problemet kryesore \u00ebsht\u00eb mungesa e nj\u00eb metodologjie t\u00eb qart\u00eb k\u00ebrkimore, \u00e7ka, sipas organizat\u00ebs, e afron publikimin m\u00eb shum\u00eb me nj\u00eb p\u00ebrmbledhje sesa me nj\u00eb studim t\u00eb mir\u00ebfillt\u00eb shkencor. Po ashtu, theksohet se n\u00eb disa raste jan\u00eb p\u00ebrfshir\u00eb ngjarje t\u00eb cilat cil\u00ebsohen si \u201cmasakra\u201d, ndon\u00ebse vet\u00eb publikimi pranon munges\u00ebn e burimeve t\u00eb mjaftueshme p\u00ebr to, duke krijuar kontradikta dhe dyshime p\u00ebr sakt\u00ebsin\u00eb e t\u00eb dh\u00ebnave.<\/p>\n<div class=\"code-block code-block-7\">\n<div id=\"beacon_7135b73721\">OVL-U\u00c7K kritikon edhe m\u00ebnyr\u00ebn e klasifikimit t\u00eb viktimave, duke e cil\u00ebsuar si reduktuese ndarjen strikte mes civil\u00ebve dhe luft\u00ebtar\u00ebve, e cila, sipas tyre, nuk reflekton kompleksitetin e realitetit n\u00eb terren dhe mund t\u00eb \u00e7oj\u00eb n\u00eb interpretime t\u00eb deformuara.<\/div>\n<p>N\u00eb let\u00ebr p\u00ebrmenden gjithashtu mosp\u00ebrputhje n\u00eb t\u00eb dh\u00ebnat numerike t\u00eb viktimave dhe p\u00ebrdorimi i materialeve vizuale q\u00eb, sipas OVL-U\u00c7K-s\u00eb, nuk p\u00ebrkojn\u00eb gjithmon\u00eb me ngjarjet q\u00eb pretendohet t\u00eb paraqiten.<\/p>\n<\/div>\n<p>Organizata vler\u00ebson se p\u00ebrfshirja e institucioneve nd\u00ebrkomb\u00ebtare si mb\u00ebshtet\u00ebse t\u00eb publikimit nuk \u00ebsht\u00eb neutrale dhe krijon nj\u00eb lidhje t\u00eb drejtp\u00ebrdrejt\u00eb t\u00eb legjitimitetit institucional me p\u00ebrmbajtjen e tij, pavar\u00ebsisht deklarimeve formale t\u00eb distancimit.<\/p>\n<p>T\u00eb shtun\u00eb, jan\u00eb hequr nga sheshet e kryeqytetit tabelat e ekspozit\u00ebs \u201cMasakrat n\u00eb Kosov\u00eb 1998-1999\u201d. Kjo pasi q\u00eb jan\u00eb v\u00ebrejtur pasakt\u00ebsi n\u00eb p\u00ebrmbajtjet e t\u00eb dh\u00ebnave t\u00eb paraqitura n\u00eb dy an\u00ebt e sheshit.<\/p>\n<p><iframe loading=\"lazy\" src=\"https:\/\/www.facebook.com\/plugins\/post.php?href=https%3A%2F%2Fwww.facebook.com%2FOVLzyrtare%2Fposts%2Fpfbid0pRSBTsFxiNc2JRPATe4TJsPE9esTPNsZQsuSnq3xxvFAYs9DKVJ8BWythfMmgBAql&amp;show_text=true&amp;width=500\" width=\"500\" height=\"533\" frameborder=\"0\" scrolling=\"no\" allowfullscreen=\"allowfullscreen\"><\/iframe><\/p>\n<\/div>\n<\/div>\n<\/div>\n<\/div>\n","protected":false},"excerpt":{"rendered":"<p>Organizata e Veteran\u00ebve t\u00eb Luft\u00ebs s\u00eb U\u00c7K-s\u00eb (OVL-U\u00c7K) ka b\u00ebr\u00eb t\u00eb ditur se i \u00ebsht\u00eb drejtuar me nj\u00eb let\u00ebr publike disa institucioneve dhe organizatave nd\u00ebrkomb\u00ebtare, duke k\u00ebrkuar t\u00ebrheqjen e emrave t\u00eb tyre nga \u00e7do referenc\u00eb e mb\u00ebshtetjes p\u00ebr publikimin \u201cMasakrat n\u00eb Kosov\u00eb 1998\u20131999\u201d, t\u00eb autorit Shk\u00eblzen Gashi. Sipas OVL-U\u00c7K-s\u00eb, letra u \u00ebsht\u00eb d\u00ebrguar Community Development [&hellip;]<\/p>\n","protected":false},"author":1,"featured_media":230912,"comment_status":"closed","ping_status":"closed","sticky":false,"template":"","format":"standard","meta":{"footnotes":""},"categories":[5],"tags":[],"class_list":{"0":"post-230911","1":"post","2":"type-post","3":"status-publish","4":"format-standard","5":"has-post-thumbnail","7":"category-lajme"},"_links":{"self":[{"href":"https:\/\/radiostargjilan.com\/web\/wp-json\/wp\/v2\/posts\/230911","targetHints":{"allow":["GET"]}}],"collection":[{"href":"https:\/\/radiostargjilan.com\/web\/wp-json\/wp\/v2\/posts"}],"about":[{"href":"https:\/\/radiostargjilan.com\/web\/wp-json\/wp\/v2\/types\/post"}],"author":[{"embeddable":true,"href":"https:\/\/radiostargjilan.com\/web\/wp-json\/wp\/v2\/users\/1"}],"replies":[{"embeddable":true,"href":"https:\/\/radiostargjilan.com\/web\/wp-json\/wp\/v2\/comments?post=230911"}],"version-history":[{"count":1,"href":"https:\/\/radiostargjilan.com\/web\/wp-json\/wp\/v2\/posts\/230911\/revisions"}],"predecessor-version":[{"id":230913,"href":"https:\/\/radiostargjilan.com\/web\/wp-json\/wp\/v2\/posts\/230911\/revisions\/230913"}],"wp:featuredmedia":[{"embeddable":true,"href":"https:\/\/radiostargjilan.com\/web\/wp-json\/wp\/v2\/media\/230912"}],"wp:attachment":[{"href":"https:\/\/radiostargjilan.com\/web\/wp-json\/wp\/v2\/media?parent=230911"}],"wp:term":[{"taxonomy":"category","embeddable":true,"href":"https:\/\/radiostargjilan.com\/web\/wp-json\/wp\/v2\/categories?post=230911"},{"taxonomy":"post_tag","embeddable":true,"href":"https:\/\/radiostargjilan.com\/web\/wp-json\/wp\/v2\/tags?post=230911"}],"curies":[{"name":"wp","href":"https:\/\/api.w.org\/{rel}","templated":true}]}}