{"id":230914,"date":"2026-03-31T16:08:49","date_gmt":"2026-03-31T14:08:49","guid":{"rendered":"https:\/\/radiostargjilan.com\/web\/?p=230914"},"modified":"2026-03-31T16:08:49","modified_gmt":"2026-03-31T14:08:49","slug":"hyseni-fillim-mandati-me-ritem-te-shtuar-fokus-ne-reforma-projekte-madhore-dhe-transparence","status":"publish","type":"post","link":"https:\/\/radiostargjilan.com\/web\/hyseni-fillim-mandati-me-ritem-te-shtuar-fokus-ne-reforma-projekte-madhore-dhe-transparence\/","title":{"rendered":"Hyseni: Fillim mandati me rit\u00ebm t\u00eb shtuar, fokus n\u00eb reforma, projekte madhore dhe transparenc\u00eb"},"content":{"rendered":"<p>Kryetari i Gjilanit, Alban Hyseni, pas takimit t\u00eb rregullt me bordin e drejtor\u00ebve, ka b\u00ebr\u00eb t\u00eb ditur se ekzekutivi komunal ka analizuar progresin e deritash\u00ebm t\u00eb qeverisjes lokale, duke theksuar p\u00ebrkushtimin p\u00ebr efikasitet, transparenc\u00eb dhe realizimin e projekteve prioritare.<\/p>\n<p>N\u00eb k\u00ebt\u00eb takim jan\u00eb shqyrtuar reformat n\u00eb kadast\u00ebr, ecuria e projekteve t\u00eb m\u00ebdha infrastrukturore, si dhe hapat konkret\u00eb p\u00ebr p\u00ebrmbushjen e zotimeve t\u00eb mandatit t\u00eb ri, me fokus t\u00eb ve\u00e7ant\u00eb n\u00eb zhvillimin e q\u00ebndruesh\u00ebm dhe p\u00ebrmir\u00ebsimin e mir\u00ebqenies s\u00eb qytetar\u00ebve.<\/p>\n<div class=\"iframely-embed\">\n<div class=\"iframely-responsive\" style=\"padding-bottom: 66.6667%; padding-top: 120px;\"><a href=\"https:\/\/www.facebook.com\/albanhysenilvv\/posts\/s%C3%AB-bashku-me-ekipin-e-drejtor%C3%ABve-zhvilluam-takimin-e-rregullt-t%C3%AB-pun%C3%ABs-p%C3%ABr-t%C3%AB-an\/1535454711922945\/\" data-iframely-url=\"https:\/\/iframely.net\/vJtDlCbF?theme=dark\"><\/a><\/div>\n<\/div>\n<p><script async src=\"https:\/\/iframely.net\/embed.js\"><\/script><\/p>\n","protected":false},"excerpt":{"rendered":"<p>Kryetari i Gjilanit, Alban Hyseni, pas takimit t\u00eb rregullt me bordin e drejtor\u00ebve, ka b\u00ebr\u00eb t\u00eb ditur se ekzekutivi komunal ka analizuar progresin e deritash\u00ebm t\u00eb qeverisjes lokale, duke theksuar p\u00ebrkushtimin p\u00ebr efikasitet, transparenc\u00eb dhe realizimin e projekteve prioritare. N\u00eb k\u00ebt\u00eb takim jan\u00eb shqyrtuar reformat n\u00eb kadast\u00ebr, ecuria e projekteve t\u00eb m\u00ebdha infrastrukturore, si dhe [&hellip;]<\/p>\n","protected":false},"author":1,"featured_media":230915,"comment_status":"closed","ping_status":"closed","sticky":false,"template":"","format":"standard","meta":{"footnotes":""},"categories":[5],"tags":[],"class_list":{"0":"post-230914","1":"post","2":"type-post","3":"status-publish","4":"format-standard","5":"has-post-thumbnail","7":"category-lajme"},"_links":{"self":[{"href":"https:\/\/radiostargjilan.com\/web\/wp-json\/wp\/v2\/posts\/230914","targetHints":{"allow":["GET"]}}],"collection":[{"href":"https:\/\/radiostargjilan.com\/web\/wp-json\/wp\/v2\/posts"}],"about":[{"href":"https:\/\/radiostargjilan.com\/web\/wp-json\/wp\/v2\/types\/post"}],"author":[{"embeddable":true,"href":"https:\/\/radiostargjilan.com\/web\/wp-json\/wp\/v2\/users\/1"}],"replies":[{"embeddable":true,"href":"https:\/\/radiostargjilan.com\/web\/wp-json\/wp\/v2\/comments?post=230914"}],"version-history":[{"count":1,"href":"https:\/\/radiostargjilan.com\/web\/wp-json\/wp\/v2\/posts\/230914\/revisions"}],"predecessor-version":[{"id":230916,"href":"https:\/\/radiostargjilan.com\/web\/wp-json\/wp\/v2\/posts\/230914\/revisions\/230916"}],"wp:featuredmedia":[{"embeddable":true,"href":"https:\/\/radiostargjilan.com\/web\/wp-json\/wp\/v2\/media\/230915"}],"wp:attachment":[{"href":"https:\/\/radiostargjilan.com\/web\/wp-json\/wp\/v2\/media?parent=230914"}],"wp:term":[{"taxonomy":"category","embeddable":true,"href":"https:\/\/radiostargjilan.com\/web\/wp-json\/wp\/v2\/categories?post=230914"},{"taxonomy":"post_tag","embeddable":true,"href":"https:\/\/radiostargjilan.com\/web\/wp-json\/wp\/v2\/tags?post=230914"}],"curies":[{"name":"wp","href":"https:\/\/api.w.org\/{rel}","templated":true}]}}