{"id":230925,"date":"2026-03-31T19:51:53","date_gmt":"2026-03-31T17:51:53","guid":{"rendered":"https:\/\/radiostargjilan.com\/web\/?p=230925"},"modified":"2026-03-31T19:51:53","modified_gmt":"2026-03-31T17:51:53","slug":"kurti-ne-perkrahje-te-kosoves-gjithcka-e-jona-eshte-sonte-ne-stadiumin-fadil-vokrri-drejt-fitores-drejt-boterorit","status":"publish","type":"post","link":"https:\/\/radiostargjilan.com\/web\/kurti-ne-perkrahje-te-kosoves-gjithcka-e-jona-eshte-sonte-ne-stadiumin-fadil-vokrri-drejt-fitores-drejt-boterorit\/","title":{"rendered":"Kurti n\u00eb p\u00ebrkrahje t\u00eb Kosov\u00ebs: \u201cGjith\u00e7ka e jona \u00ebsht\u00eb sonte n\u00eb Stadiumin \u2018Fadil Vokrri\u2019, drejt fitores, drejt Bot\u00ebrorit\u201d"},"content":{"rendered":"<p>Kryeministei i Kosov\u00ebs, Albin Kurti i \u00ebsht\u00eb bashkuar val\u00ebs s\u00eb madhe t\u00eb p\u00ebrkrahjes p\u00ebr Komb\u00ebtaren e Kosov\u00ebs, duke p\u00ebrcjell\u00eb nj\u00eb mesazh motivues n\u00eb prag t\u00eb ndeshjes s\u00eb r\u00ebnd\u00ebsishme n\u00eb stadiumin \u201cFadil Vokrri\u201d. <\/p>\n<p>Me fjal\u00ebt \u201cGjith\u00e7ka e jona \u00ebsht\u00eb sonte n\u00eb stadium\u201d, ai ka theksuar r\u00ebnd\u00ebsin\u00eb e k\u00ebsaj p\u00ebrballjeje p\u00ebr vendin dhe p\u00ebr \u00ebndrr\u00ebn e madhe t\u00eb kualifikimit n\u00eb Kampionatin Bot\u00ebror. <\/p>\n<p>Atmosfera n\u00eb Stadiumi Fadil Vokrri pritet t\u00eb jet\u00eb elektrizuese, nd\u00ebrsa tifoz\u00ebt dhe institucionet jan\u00eb b\u00ebr\u00eb bashk\u00eb n\u00eb mb\u00ebshtetje t\u00eb ekipit komb\u00ebtar.<\/p>\n","protected":false},"excerpt":{"rendered":"<p>Kryeministei i Kosov\u00ebs, Albin Kurti i \u00ebsht\u00eb bashkuar val\u00ebs s\u00eb madhe t\u00eb p\u00ebrkrahjes p\u00ebr Komb\u00ebtaren e Kosov\u00ebs, duke p\u00ebrcjell\u00eb nj\u00eb mesazh motivues n\u00eb prag t\u00eb ndeshjes s\u00eb r\u00ebnd\u00ebsishme n\u00eb stadiumin \u201cFadil Vokrri\u201d. Me fjal\u00ebt \u201cGjith\u00e7ka e jona \u00ebsht\u00eb sonte n\u00eb stadium\u201d, ai ka theksuar r\u00ebnd\u00ebsin\u00eb e k\u00ebsaj p\u00ebrballjeje p\u00ebr vendin dhe p\u00ebr \u00ebndrr\u00ebn e madhe [&hellip;]<\/p>\n","protected":false},"author":1,"featured_media":230926,"comment_status":"closed","ping_status":"closed","sticky":false,"template":"","format":"standard","meta":{"footnotes":""},"categories":[5],"tags":[],"class_list":{"0":"post-230925","1":"post","2":"type-post","3":"status-publish","4":"format-standard","5":"has-post-thumbnail","7":"category-lajme"},"_links":{"self":[{"href":"https:\/\/radiostargjilan.com\/web\/wp-json\/wp\/v2\/posts\/230925","targetHints":{"allow":["GET"]}}],"collection":[{"href":"https:\/\/radiostargjilan.com\/web\/wp-json\/wp\/v2\/posts"}],"about":[{"href":"https:\/\/radiostargjilan.com\/web\/wp-json\/wp\/v2\/types\/post"}],"author":[{"embeddable":true,"href":"https:\/\/radiostargjilan.com\/web\/wp-json\/wp\/v2\/users\/1"}],"replies":[{"embeddable":true,"href":"https:\/\/radiostargjilan.com\/web\/wp-json\/wp\/v2\/comments?post=230925"}],"version-history":[{"count":1,"href":"https:\/\/radiostargjilan.com\/web\/wp-json\/wp\/v2\/posts\/230925\/revisions"}],"predecessor-version":[{"id":230927,"href":"https:\/\/radiostargjilan.com\/web\/wp-json\/wp\/v2\/posts\/230925\/revisions\/230927"}],"wp:featuredmedia":[{"embeddable":true,"href":"https:\/\/radiostargjilan.com\/web\/wp-json\/wp\/v2\/media\/230926"}],"wp:attachment":[{"href":"https:\/\/radiostargjilan.com\/web\/wp-json\/wp\/v2\/media?parent=230925"}],"wp:term":[{"taxonomy":"category","embeddable":true,"href":"https:\/\/radiostargjilan.com\/web\/wp-json\/wp\/v2\/categories?post=230925"},{"taxonomy":"post_tag","embeddable":true,"href":"https:\/\/radiostargjilan.com\/web\/wp-json\/wp\/v2\/tags?post=230925"}],"curies":[{"name":"wp","href":"https:\/\/api.w.org\/{rel}","templated":true}]}}