{"id":230928,"date":"2026-03-31T20:48:55","date_gmt":"2026-03-31T18:48:55","guid":{"rendered":"https:\/\/radiostargjilan.com\/web\/?p=230928"},"modified":"2026-03-31T20:48:55","modified_gmt":"2026-03-31T18:48:55","slug":"kosova-perballe-turqise-begaj-me-zemer-ne-prishtine","status":"publish","type":"post","link":"https:\/\/radiostargjilan.com\/web\/kosova-perballe-turqise-begaj-me-zemer-ne-prishtine\/","title":{"rendered":"Kosova p\u00ebrball\u00eb Turqis\u00eb, Begaj: Me zem\u00ebr n\u00eb Prishtin\u00eb"},"content":{"rendered":"<p>Presidenti i Shqip\u00ebris\u00eb, Bajram Begaj, ka shprehur mb\u00ebshtetjen e tij p\u00ebr Komb\u00ebtaren e Kosov\u00ebs n\u00eb prag t\u00eb ndeshjes s\u00eb r\u00ebnd\u00ebsishme kund\u00ebr Turqis\u00eb, e cila mund t\u00eb siguroj\u00eb nj\u00eb vend n\u00eb Bot\u00ebror. P\u00ebrmes nj\u00eb postimi n\u00eb rrjetet sociale, Begaj uroi sukses p\u00ebr ekipin kosovar duke shkruar<\/p>\n<p>\u201cMe zem\u00ebr n\u00eb Prishtin\u00eb. Forca, Kosov\u00eb!\u201d.<\/p>\n<p>Kosova dhe Turqia p\u00ebrballen sonte p\u00ebr her\u00eb t\u00eb kat\u00ebrt. Tre ndeshjet e m\u00ebparshme p\u00ebrfshijn\u00eb dy takime zyrtare dhe nj\u00eb miq\u00ebsore t\u00eb zhvilluar p\u00ebrpara se Kosova t\u00eb an\u00ebtar\u00ebsohej n\u00eb FIFA.<\/p>\n<p>Sfida do t\u00eb nis\u00eb n\u00eb or\u00ebn 20:45 n\u00eb stadiumin \u201cFadil Vokrri\u201d n\u00eb Prishtin\u00eb, ku pritet nj\u00eb atmosfer\u00eb elektrizuese, me mij\u00ebra tifoz\u00eb t\u00eb ardhur edhe nga Shqip\u00ebria p\u00ebr t\u00eb mb\u00ebshtetur ekipin vendas n\u00eb k\u00ebt\u00eb p\u00ebrballje vendimtare.<\/p>\n","protected":false},"excerpt":{"rendered":"<p>Presidenti i Shqip\u00ebris\u00eb, Bajram Begaj, ka shprehur mb\u00ebshtetjen e tij p\u00ebr Komb\u00ebtaren e Kosov\u00ebs n\u00eb prag t\u00eb ndeshjes s\u00eb r\u00ebnd\u00ebsishme kund\u00ebr Turqis\u00eb, e cila mund t\u00eb siguroj\u00eb nj\u00eb vend n\u00eb Bot\u00ebror. P\u00ebrmes nj\u00eb postimi n\u00eb rrjetet sociale, Begaj uroi sukses p\u00ebr ekipin kosovar duke shkruar \u201cMe zem\u00ebr n\u00eb Prishtin\u00eb. Forca, Kosov\u00eb!\u201d. Kosova dhe Turqia p\u00ebrballen [&hellip;]<\/p>\n","protected":false},"author":1,"featured_media":230929,"comment_status":"closed","ping_status":"closed","sticky":false,"template":"","format":"standard","meta":{"footnotes":""},"categories":[5],"tags":[],"class_list":{"0":"post-230928","1":"post","2":"type-post","3":"status-publish","4":"format-standard","5":"has-post-thumbnail","7":"category-lajme"},"_links":{"self":[{"href":"https:\/\/radiostargjilan.com\/web\/wp-json\/wp\/v2\/posts\/230928","targetHints":{"allow":["GET"]}}],"collection":[{"href":"https:\/\/radiostargjilan.com\/web\/wp-json\/wp\/v2\/posts"}],"about":[{"href":"https:\/\/radiostargjilan.com\/web\/wp-json\/wp\/v2\/types\/post"}],"author":[{"embeddable":true,"href":"https:\/\/radiostargjilan.com\/web\/wp-json\/wp\/v2\/users\/1"}],"replies":[{"embeddable":true,"href":"https:\/\/radiostargjilan.com\/web\/wp-json\/wp\/v2\/comments?post=230928"}],"version-history":[{"count":1,"href":"https:\/\/radiostargjilan.com\/web\/wp-json\/wp\/v2\/posts\/230928\/revisions"}],"predecessor-version":[{"id":230930,"href":"https:\/\/radiostargjilan.com\/web\/wp-json\/wp\/v2\/posts\/230928\/revisions\/230930"}],"wp:featuredmedia":[{"embeddable":true,"href":"https:\/\/radiostargjilan.com\/web\/wp-json\/wp\/v2\/media\/230929"}],"wp:attachment":[{"href":"https:\/\/radiostargjilan.com\/web\/wp-json\/wp\/v2\/media?parent=230928"}],"wp:term":[{"taxonomy":"category","embeddable":true,"href":"https:\/\/radiostargjilan.com\/web\/wp-json\/wp\/v2\/categories?post=230928"},{"taxonomy":"post_tag","embeddable":true,"href":"https:\/\/radiostargjilan.com\/web\/wp-json\/wp\/v2\/tags?post=230928"}],"curies":[{"name":"wp","href":"https:\/\/api.w.org\/{rel}","templated":true}]}}