{"id":230953,"date":"2026-04-01T09:36:28","date_gmt":"2026-04-01T07:36:28","guid":{"rendered":"https:\/\/radiostargjilan.com\/web\/?p=230953"},"modified":"2026-04-01T09:36:28","modified_gmt":"2026-04-01T07:36:28","slug":"kryeministri-kurti-kosova-na-beri-krenare-perpara-drejt-madheshtise","status":"publish","type":"post","link":"https:\/\/radiostargjilan.com\/web\/kryeministri-kurti-kosova-na-beri-krenare-perpara-drejt-madheshtise\/","title":{"rendered":"Kryeministri Kurti: Kosova na b\u00ebri krenar\u00eb, p\u00ebrpara drejt madh\u00ebshtis\u00eb"},"content":{"rendered":"<p>T\u00eb gjith\u00eb jemi ende t\u00eb pik\u00eblluar dhe t\u00eb m\u00ebrzitur nga ndeshja e mbr\u00ebmshme n\u00eb stadiumin \u201cFadil Vokrri\u201d. Megjithat\u00eb, kryeministri Albin Kurti thekson se emocionet pozitive q\u00eb ka dhuruar p\u00ebrfaq\u00ebsuesja jon\u00eb jan\u00eb t\u00eb jasht\u00ebzakonshme.<\/p>\n<p>\u201cFakti q\u00eb ishim kaq pran\u00eb kualifikimit tregon sa af\u00ebr madh\u00ebshtis\u00eb jemi. Tash na vlon meraku kolektiv: do t\u00eb mund t\u00eb b\u00ebhej k\u00ebshtu sikur t\u2019ia kishim b\u00ebr\u00eb ashtu, ky apo ai, ose q\u00eb t\u00eb dy\u2026 Por le t\u00eb mos harrojm\u00eb q\u00eb p\u00ebrfaq\u00ebsuesja jon\u00eb na ka b\u00ebr\u00eb krenar\u00eb aq shum\u00eb sa t\u2019u jemi mir\u00ebnjoh\u00ebs p\u00ebrgjithmon\u00eb e p\u00ebrkrah p\u00ebrher\u00eb\u201d, tha kryeministri.<\/p>\n<p>Ai shtoi se edhe pse rezultati nuk ishte ai q\u00eb t\u00eb gjith\u00eb e d\u00ebshironim, p\u00ebrpjekja e lojtar\u00ebve dhe stafi meriton vler\u00ebsim maksimal: \u201cFaleminderit t\u00eb gjith\u00eb lojtar\u00ebve, trajnerit dhe stafit p\u00ebr angazhimin e madh n\u00eb secil\u00ebn ndeshje. Andaj edhe sot e \u00e7do dit\u00eb tjet\u00ebr, forca Kosov\u00eb!\u201d<\/p>\n<p>Ky reagim n\u00ebnvizon mb\u00ebshtetjen e vazhdueshme t\u00eb institucioneve dhe publikut ndaj p\u00ebrfaq\u00ebsueses, duke theksuar se Kosova \u00ebsht\u00eb shum\u00eb pran\u00eb arritjeve t\u00eb m\u00ebdha n\u00eb futbollin nd\u00ebrkomb\u00ebtar.<\/p>\n","protected":false},"excerpt":{"rendered":"<p>T\u00eb gjith\u00eb jemi ende t\u00eb pik\u00eblluar dhe t\u00eb m\u00ebrzitur nga ndeshja e mbr\u00ebmshme n\u00eb stadiumin \u201cFadil Vokrri\u201d. Megjithat\u00eb, kryeministri Albin Kurti thekson se emocionet pozitive q\u00eb ka dhuruar p\u00ebrfaq\u00ebsuesja jon\u00eb jan\u00eb t\u00eb jasht\u00ebzakonshme. \u201cFakti q\u00eb ishim kaq pran\u00eb kualifikimit tregon sa af\u00ebr madh\u00ebshtis\u00eb jemi. Tash na vlon meraku kolektiv: do t\u00eb mund t\u00eb b\u00ebhej k\u00ebshtu [&hellip;]<\/p>\n","protected":false},"author":1,"featured_media":230954,"comment_status":"closed","ping_status":"closed","sticky":false,"template":"","format":"standard","meta":{"footnotes":""},"categories":[5],"tags":[],"class_list":{"0":"post-230953","1":"post","2":"type-post","3":"status-publish","4":"format-standard","5":"has-post-thumbnail","7":"category-lajme"},"_links":{"self":[{"href":"https:\/\/radiostargjilan.com\/web\/wp-json\/wp\/v2\/posts\/230953","targetHints":{"allow":["GET"]}}],"collection":[{"href":"https:\/\/radiostargjilan.com\/web\/wp-json\/wp\/v2\/posts"}],"about":[{"href":"https:\/\/radiostargjilan.com\/web\/wp-json\/wp\/v2\/types\/post"}],"author":[{"embeddable":true,"href":"https:\/\/radiostargjilan.com\/web\/wp-json\/wp\/v2\/users\/1"}],"replies":[{"embeddable":true,"href":"https:\/\/radiostargjilan.com\/web\/wp-json\/wp\/v2\/comments?post=230953"}],"version-history":[{"count":1,"href":"https:\/\/radiostargjilan.com\/web\/wp-json\/wp\/v2\/posts\/230953\/revisions"}],"predecessor-version":[{"id":230955,"href":"https:\/\/radiostargjilan.com\/web\/wp-json\/wp\/v2\/posts\/230953\/revisions\/230955"}],"wp:featuredmedia":[{"embeddable":true,"href":"https:\/\/radiostargjilan.com\/web\/wp-json\/wp\/v2\/media\/230954"}],"wp:attachment":[{"href":"https:\/\/radiostargjilan.com\/web\/wp-json\/wp\/v2\/media?parent=230953"}],"wp:term":[{"taxonomy":"category","embeddable":true,"href":"https:\/\/radiostargjilan.com\/web\/wp-json\/wp\/v2\/categories?post=230953"},{"taxonomy":"post_tag","embeddable":true,"href":"https:\/\/radiostargjilan.com\/web\/wp-json\/wp\/v2\/tags?post=230953"}],"curies":[{"name":"wp","href":"https:\/\/api.w.org\/{rel}","templated":true}]}}