{"id":230956,"date":"2026-04-01T12:07:57","date_gmt":"2026-04-01T10:07:57","guid":{"rendered":"https:\/\/radiostargjilan.com\/web\/?p=230956"},"modified":"2026-04-01T12:07:57","modified_gmt":"2026-04-01T10:07:57","slug":"paralajmerimi-i-be-cmimet-e-naftes-dhe-gazit-nuk-do-te-ulen-edhe-nese-lufta-me-iranin-perfundon","status":"publish","type":"post","link":"https:\/\/radiostargjilan.com\/web\/paralajmerimi-i-be-cmimet-e-naftes-dhe-gazit-nuk-do-te-ulen-edhe-nese-lufta-me-iranin-perfundon\/","title":{"rendered":"Paralajm\u00ebrimi i BE: \u00c7mimet e naft\u00ebs dhe gazit nuk do t\u00eb ulen, edhe n\u00ebse lufta me Iranin p\u00ebrfundon"},"content":{"rendered":"<p>BE-ja ka paralajm\u00ebruar se \u00e7mimet e naft\u00ebs dhe gazit nuk do t\u00eb ulen s\u00eb shpejti, edhe n\u00ebse lufta me Iranin p\u00ebrfundon, duke p\u00ebrmendur presionin mbi furnizimet me karburant dhe tregjet e ngushta globale, nd\u00ebrsa p\u00ebrgatit masa mb\u00ebshtet\u00ebse p\u00ebr familjet dhe bizneset.<\/p>\n<p>\u00c7mimet marramend\u00ebse t\u00eb naft\u00ebs dhe gazit n\u00eb Evrop\u00eb, si pasoj\u00eb e luft\u00ebs s\u00eb vazhdueshme q\u00eb p\u00ebrfshin Iranin, nuk do t\u00eb kthehen n\u00eb nivele normale s\u00eb shpejti, edhe n\u00ebse paqja shpallet nes\u00ebr, paralajm\u00ebroi t\u00eb mart\u00ebn komisioneri i energjis\u00eb i Bashkimit Evropian.<\/p>\n<p>Komisioneri Dan J\u00f8rgensen tha se megjith\u00ebse nuk ka mungesa t\u00eb menj\u00ebhershme t\u00eb furnizimeve me naft\u00eb dhe gaz n\u00eb t\u00eb gjith\u00eb bllokun 27-an\u00ebtar\u00ebsh, ka presion mbi furnizimet me naft\u00eb dhe karburant p\u00ebr avion\u00eb, si dhe \u201ckufizime n\u00eb rritje\u201d n\u00eb tregjet globale t\u00eb gazit, t\u00eb cilat po rrisin \u00e7mimet e energjis\u00eb elektrike.<\/p>\n<p>\u201cAjo q\u00eb e konsideroj jasht\u00ebzakonisht t\u00eb r\u00ebnd\u00ebsishme \u00ebsht\u00eb t\u00eb deklaroj sa m\u00eb qart\u00eb q\u00eb t\u00eb jet\u00eb e mundur se edhe n\u00ebse ajo paqe \u00ebsht\u00eb k\u00ebtu nes\u00ebr, ne prap\u00eb nuk do t\u00eb kthehemi n\u00eb normalitet n\u00eb t\u00eb ardhmen e parashikueshme\u201d, tha J\u00f8rgensen n\u00eb nj\u00eb konferenc\u00eb p\u00ebr shtyp pas nj\u00eb takimi t\u00eb ministrave t\u00eb energjis\u00eb t\u00eb BE-s\u00eb.<\/p>\n<p>Ai tha se krahu ekzekutiv i BE-s\u00eb po p\u00ebrgatit nj\u00eb s\u00ebr\u00eb masash p\u00ebr t\u00eb ndihmuar familjet dhe bizneset t\u00eb p\u00ebrballojn\u00eb rritjen e ndjeshme t\u00eb \u00e7mimeve t\u00eb naft\u00ebs, e cila ka \u00e7uar n\u00eb rritje prej rreth 70% p\u00ebr gazin dhe 60% p\u00ebr naft\u00ebn n\u00eb Evrop\u00eb. Q\u00eb nga fillimi i luft\u00ebs, fatura e BE-s\u00eb p\u00ebr l\u00ebnd\u00ebt djeg\u00ebse fosile t\u00eb importuara \u00ebsht\u00eb rritur me 14 miliard\u00eb euro, sipas J\u00f8rgensen.<\/p>\n<p>Ai shtoi se veprimi i koordinuar ngusht\u00eb midis t\u00eb gjitha shteteve an\u00ebtare t\u00eb BE-s\u00eb \u00ebsht\u00eb i nevojsh\u00ebm p\u00ebr t\u00eb \u201cshmangur p\u00ebrgjigjet e fragmentuara komb\u00ebtare dhe sinjalet p\u00ebr\u00e7ar\u00ebse p\u00ebr tregjet\u201d.<\/p>\n<p>\u201cKutia e mjeteve\u201d e masave n\u00eb p\u00ebrgatitje do t\u00eb zbulohet \u201cshum\u00eb shpejt\u201d dhe do t\u00eb p\u00ebrfshij\u00eb m\u00ebnyra p\u00ebr ta b\u00ebr\u00eb m\u00eb t\u00eb leht\u00eb p\u00ebr shtetet t\u00eb shk\u00ebputin \u00e7mimet e gazit nga \u00e7mimet e energjis\u00eb elektrike. Po shqyrtohet gjithashtu nj\u00eb ulje e taksave t\u00eb energjis\u00eb elektrike, si\u00e7 sugjerohet nga Presidentja e Komisionit Ursula von der Leyen.<\/p>\n<p>J\u00f8rgensen tha se, megjith\u00ebse nuk pret nj\u00eb p\u00ebrs\u00ebritje t\u00eb kriz\u00ebs s\u00eb gazit natyror t\u00eb vitit 2022, gjat\u00eb s\u00eb cil\u00ebs kompanit\u00eb fituan fitime t\u00eb m\u00ebdha nga rritja e \u00e7mimeve, nj\u00eb \u201ctaks\u00eb mbi t\u00eb ardhurat e papritura\u201d e nj\u00ebhershme mbi kompani t\u00eb tilla \u201cmbetet nj\u00eb mund\u00ebsi\u201d.<\/p>\n<p>Tani ekzistojn\u00eb \u201cmund\u00ebsi t\u00eb mira\u201d p\u00ebr shtetet an\u00ebtare q\u00eb t\u00eb ofrojn\u00eb mb\u00ebshtetje financiare p\u00ebr grupet dhe industrit\u00eb vulnerab\u00ebl n\u00ebn \u201cstres t\u00eb jasht\u00ebzakonsh\u00ebm\u201d dhe Komisioni do t\u2019i b\u00ebj\u00eb \u201ck\u00ebto mund\u00ebsi edhe m\u00eb t\u00eb thjeshta dhe m\u00eb t\u00eb gjera\u201d, tha ai.<\/p>\n<p>J\u00f8rgensen gjithashtu i inkurajoi vendet e BE-s\u00eb t\u00eb marrin n\u00eb konsiderat\u00eb planin 10-pik\u00ebsh t\u00eb Agjencis\u00eb Nd\u00ebrkomb\u00ebtare t\u00eb Energjis\u00eb, i cili p\u00ebrfshin pun\u00ebn nga sht\u00ebpia, uljen e shpejt\u00ebsis\u00eb n\u00eb autostrada, promovimin e transportit publik dhe rritjen e p\u00ebrdorimit t\u00eb p\u00ebrbashk\u00ebt t\u00eb makinave.<\/p>\n<p>Ai tha se BE-ja mbetet e p\u00ebrkushtuar ndaj ndalimit t\u00eb blerjeve t\u00eb gazit rus, q\u00eb synon t\u00eb zvog\u00ebloj\u00eb var\u00ebsin\u00eb nga furnizimet ruse dhe t\u00eb nd\u00ebrpres\u00eb financimin p\u00ebr luft\u00ebn e Rusis\u00eb n\u00eb Ukrain\u00eb. Var\u00ebsia nga gazi rus ka r\u00ebn\u00eb nga 45% para luft\u00ebs n\u00eb 10% tani dhe pritet t\u00eb bjer\u00eb n\u00eb zero sapo t\u00eb rriten importet nga furnizuesit alternativ\u00eb, ve\u00e7an\u00ebrisht nga Shtetet e Bashkuara. BE-ja po eksploron gjithashtu burime t\u00eb reja energjie nga Azerbajxhani, Algjeria dhe Kanadaja , si dhe prodhues m\u00eb t\u00eb vegj\u00ebl n\u00eb t\u00eb gjith\u00eb bot\u00ebn.<\/p>\n<p>Komisioneri paralajm\u00ebroi se BE-ja nuk duhet kurr\u00eb \u201ct\u00eb p\u00ebrs\u00ebris\u00eb gabimet e s\u00eb kaluar\u00ebs duke i lejuar Putinit t\u00eb p\u00ebrdor\u00eb energjin\u00eb si arm\u00eb kund\u00ebr nesh dhe t\u00eb shantazhoj\u00eb shtetet an\u00ebtare\u201d. Ai shtoi se \u201cdo t\u00eb ishte krejt\u00ebsisht e papranueshme\u201d q\u00eb BE-ja t\u00eb vazhdonte t\u00eb blinte energji q\u00eb \u201cdo t\u00eb ndihmonte indirekt n\u00eb financimin e luft\u00ebs s\u00eb tmerrshme q\u00eb Putini po zhvillon n\u00eb Ukrain\u00eb\u201d.\/Euronews.com<\/p>\n","protected":false},"excerpt":{"rendered":"<p>BE-ja ka paralajm\u00ebruar se \u00e7mimet e naft\u00ebs dhe gazit nuk do t\u00eb ulen s\u00eb shpejti, edhe n\u00ebse lufta me Iranin p\u00ebrfundon, duke p\u00ebrmendur presionin mbi furnizimet me karburant dhe tregjet e ngushta globale, nd\u00ebrsa p\u00ebrgatit masa mb\u00ebshtet\u00ebse p\u00ebr familjet dhe bizneset. \u00c7mimet marramend\u00ebse t\u00eb naft\u00ebs dhe gazit n\u00eb Evrop\u00eb, si pasoj\u00eb e luft\u00ebs s\u00eb vazhdueshme [&hellip;]<\/p>\n","protected":false},"author":1,"featured_media":230484,"comment_status":"closed","ping_status":"closed","sticky":false,"template":"","format":"standard","meta":{"footnotes":""},"categories":[5],"tags":[],"class_list":{"0":"post-230956","1":"post","2":"type-post","3":"status-publish","4":"format-standard","5":"has-post-thumbnail","7":"category-lajme"},"_links":{"self":[{"href":"https:\/\/radiostargjilan.com\/web\/wp-json\/wp\/v2\/posts\/230956","targetHints":{"allow":["GET"]}}],"collection":[{"href":"https:\/\/radiostargjilan.com\/web\/wp-json\/wp\/v2\/posts"}],"about":[{"href":"https:\/\/radiostargjilan.com\/web\/wp-json\/wp\/v2\/types\/post"}],"author":[{"embeddable":true,"href":"https:\/\/radiostargjilan.com\/web\/wp-json\/wp\/v2\/users\/1"}],"replies":[{"embeddable":true,"href":"https:\/\/radiostargjilan.com\/web\/wp-json\/wp\/v2\/comments?post=230956"}],"version-history":[{"count":1,"href":"https:\/\/radiostargjilan.com\/web\/wp-json\/wp\/v2\/posts\/230956\/revisions"}],"predecessor-version":[{"id":230957,"href":"https:\/\/radiostargjilan.com\/web\/wp-json\/wp\/v2\/posts\/230956\/revisions\/230957"}],"wp:featuredmedia":[{"embeddable":true,"href":"https:\/\/radiostargjilan.com\/web\/wp-json\/wp\/v2\/media\/230484"}],"wp:attachment":[{"href":"https:\/\/radiostargjilan.com\/web\/wp-json\/wp\/v2\/media?parent=230956"}],"wp:term":[{"taxonomy":"category","embeddable":true,"href":"https:\/\/radiostargjilan.com\/web\/wp-json\/wp\/v2\/categories?post=230956"},{"taxonomy":"post_tag","embeddable":true,"href":"https:\/\/radiostargjilan.com\/web\/wp-json\/wp\/v2\/tags?post=230956"}],"curies":[{"name":"wp","href":"https:\/\/api.w.org\/{rel}","templated":true}]}}