{"id":230958,"date":"2026-04-01T13:19:06","date_gmt":"2026-04-01T11:19:06","guid":{"rendered":"https:\/\/radiostargjilan.com\/web\/?p=230958"},"modified":"2026-04-01T13:19:06","modified_gmt":"2026-04-01T11:19:06","slug":"osmani-jo-vetem-ne-kosove-por-kudo-ne-bote-duhet-ta-ngrisim-zerin-per-te-kerkuar-drejtesi-per-krimet-serbe-ndaj-popullit-shqiptar","status":"publish","type":"post","link":"https:\/\/radiostargjilan.com\/web\/osmani-jo-vetem-ne-kosove-por-kudo-ne-bote-duhet-ta-ngrisim-zerin-per-te-kerkuar-drejtesi-per-krimet-serbe-ndaj-popullit-shqiptar\/","title":{"rendered":"Osmani: Jo vet\u00ebm n\u00eb Kosov\u00eb, por kudo n\u00eb bot\u00eb duhet ta ngrisim z\u00ebrin p\u00ebr t\u00eb k\u00ebrkuar drejt\u00ebsi p\u00ebr krimet serbe ndaj popullit shqiptar"},"content":{"rendered":"<p>Presidentja Vjosa Osmani, ka b\u00ebr\u00eb homazhe n\u00eb 27 vjetorin e Masakr\u00ebs s\u00eb Lybeniqit.<\/p>\n<p>Gjat\u00eb deklarimit p\u00ebr media, Osmani u shpreh se aty u vran\u00eb edhe foshnjet 18 muajshe.<\/p>\n<p>\u201cK\u00ebtu u vran\u00eb e u masakruan edhe grat\u00eb shtatz\u00ebna, k\u00ebtu u vran\u00eb edhe foshnjet n\u00eb barkun e n\u00ebn\u00ebs e k\u00ebtu u vran\u00eb edhe t\u00eb moshuarit q\u00eb nuk mund t\u00eb l\u00ebviznin. K\u00ebtu u shp\u00ebrfaq n\u00eb m\u00ebnyr\u00eb m\u00eb mizore q\u00ebllimi i regjimit gjenocidal serb. Q\u00ebllimi ishte q\u00eb ta shfaroste popullin shqiptar nga faqja e dheut\u201d, deklaroi ajo.<\/p>\n<p>\u201cK\u00ebt\u00eb q\u00ebllim nuk e arriti kurr\u00eb sepse populli shqiptar u ringrit, familjet n\u00eb Lybeniq u ringrit\u00ebn,<\/p>\n<p>\u201cDuhet t\u00eb na bashkoj\u00eb z\u00ebrat mendjet dhe zemrat gjithsecilit shqiptar n\u00eb m\u00ebnyr\u00eb q\u00eb jo vet\u00ebm n\u00eb Kosov\u00eb, por kudo n\u00eb bot\u00eb ta ngrisim z\u00ebrin p\u00ebr t\u00eb k\u00ebrkuar drejt\u00ebsi dhe p\u00ebr t\u00eb shp\u00ebrfaqur krimet e llahtarshme serbe kund\u00ebr popullit shqiptar\u201d, tha Osmani.<\/p>\n<p>M\u00eb 1 prill 1999-t\u00eb n\u00eb Lybeniq t\u00eb Pej\u00ebs, nga grupi fam\u00ebkeq serb \u201c\u00c7akejt\u201d u vran\u00eb 80 civil\u00eb shqiptar\u00eb.<\/p>\n","protected":false},"excerpt":{"rendered":"<p>Presidentja Vjosa Osmani, ka b\u00ebr\u00eb homazhe n\u00eb 27 vjetorin e Masakr\u00ebs s\u00eb Lybeniqit. Gjat\u00eb deklarimit p\u00ebr media, Osmani u shpreh se aty u vran\u00eb edhe foshnjet 18 muajshe. \u201cK\u00ebtu u vran\u00eb e u masakruan edhe grat\u00eb shtatz\u00ebna, k\u00ebtu u vran\u00eb edhe foshnjet n\u00eb barkun e n\u00ebn\u00ebs e k\u00ebtu u vran\u00eb edhe t\u00eb moshuarit q\u00eb nuk [&hellip;]<\/p>\n","protected":false},"author":1,"featured_media":230783,"comment_status":"closed","ping_status":"closed","sticky":false,"template":"","format":"standard","meta":{"footnotes":""},"categories":[5],"tags":[],"class_list":{"0":"post-230958","1":"post","2":"type-post","3":"status-publish","4":"format-standard","5":"has-post-thumbnail","7":"category-lajme"},"_links":{"self":[{"href":"https:\/\/radiostargjilan.com\/web\/wp-json\/wp\/v2\/posts\/230958","targetHints":{"allow":["GET"]}}],"collection":[{"href":"https:\/\/radiostargjilan.com\/web\/wp-json\/wp\/v2\/posts"}],"about":[{"href":"https:\/\/radiostargjilan.com\/web\/wp-json\/wp\/v2\/types\/post"}],"author":[{"embeddable":true,"href":"https:\/\/radiostargjilan.com\/web\/wp-json\/wp\/v2\/users\/1"}],"replies":[{"embeddable":true,"href":"https:\/\/radiostargjilan.com\/web\/wp-json\/wp\/v2\/comments?post=230958"}],"version-history":[{"count":1,"href":"https:\/\/radiostargjilan.com\/web\/wp-json\/wp\/v2\/posts\/230958\/revisions"}],"predecessor-version":[{"id":230959,"href":"https:\/\/radiostargjilan.com\/web\/wp-json\/wp\/v2\/posts\/230958\/revisions\/230959"}],"wp:featuredmedia":[{"embeddable":true,"href":"https:\/\/radiostargjilan.com\/web\/wp-json\/wp\/v2\/media\/230783"}],"wp:attachment":[{"href":"https:\/\/radiostargjilan.com\/web\/wp-json\/wp\/v2\/media?parent=230958"}],"wp:term":[{"taxonomy":"category","embeddable":true,"href":"https:\/\/radiostargjilan.com\/web\/wp-json\/wp\/v2\/categories?post=230958"},{"taxonomy":"post_tag","embeddable":true,"href":"https:\/\/radiostargjilan.com\/web\/wp-json\/wp\/v2\/tags?post=230958"}],"curies":[{"name":"wp","href":"https:\/\/api.w.org\/{rel}","templated":true}]}}