{"id":230963,"date":"2026-04-01T14:45:19","date_gmt":"2026-04-01T12:45:19","guid":{"rendered":"https:\/\/radiostargjilan.com\/web\/?p=230963"},"modified":"2026-04-01T14:45:19","modified_gmt":"2026-04-01T12:45:19","slug":"ademi-medalja-e-shtetit-krenaria-me-e-madhe-per-kombetaren","status":"publish","type":"post","link":"https:\/\/radiostargjilan.com\/web\/ademi-medalja-e-shtetit-krenaria-me-e-madhe-per-kombetaren\/","title":{"rendered":"Ademi: Medalja e shtetit, krenaria m\u00eb e madhe p\u00ebr Komb\u00ebtaren"},"content":{"rendered":"<p>Presidentja e Republik\u00ebs s\u00eb Kosov\u00ebs, Vjosa Osmani, ka dekoruar Komb\u00ebtaren e Kosov\u00ebs n\u00eb futboll me Medaljen Presidenciale t\u00eb Meritave, n\u00eb nj\u00eb ceremoni t\u00eb mbajtur nj\u00eb dit\u00eb pas ndeshjes s\u00eb \u201cplay-off\u201d-it ndaj Turqis\u00eb, e cila p\u00ebrfundoi me rezultat 0:1.<\/p>\n<p>N\u00eb fjal\u00ebn e saj, Osmani theksoi se, pavar\u00ebsisht humbjes dhe moskualifikimit n\u00eb Kup\u00ebn e Bot\u00ebs, Komb\u00ebtarja mbetet nj\u00eb nd\u00ebr p\u00ebrfaq\u00ebsimet m\u00eb dinjitoze t\u00eb shtetit n\u00eb aren\u00ebn nd\u00ebrkomb\u00ebtare.<\/p>\n<p>Ajo vler\u00ebsoi lart kontributin e futbollist\u00ebve, duke e cil\u00ebsuar rrug\u00ebtimin e tyre si frym\u00ebzim p\u00ebr brezat e rinj dhe si pjes\u00eb t\u00eb r\u00ebnd\u00ebsishme t\u00eb historis\u00eb sportive t\u00eb vendit.<\/p>\n<p>\u201cN\u00eb baz\u00eb t\u00eb kompetencave t\u00eb mia kushtetuese si Presidente e Republik\u00ebs s\u00eb Kosov\u00ebs, kam vendosur q\u00eb Komb\u00ebtaren e Republik\u00ebs n\u00eb Futboll ta dekoroj me Medaljen Presidenciale t\u00eb Meritave, me motivacionin: P\u00ebr p\u00ebrfaq\u00ebsim dinjitoz t\u00eb shtetit ton\u00eb n\u00eb aren\u00ebn nd\u00ebrkomb\u00ebtare; P\u00ebr krenarin\u00eb q\u00eb i kan\u00eb dh\u00ebn\u00eb shtetit ton\u00eb. Si dhe p\u00ebr arritjen n\u00eb faz\u00ebn finale t\u00eb kualifikimeve p\u00ebr Kampionatin Bot\u00ebror\u201d \u2013 tha presidentja Osmani.<\/p>\n<p>Presidentja n\u00ebnvizoi se kjo medalje jepet p\u00ebr p\u00ebrfaq\u00ebsim dinjitoz, p\u00ebr krenarin\u00eb q\u00eb i kan\u00eb sjell\u00eb vendit dhe p\u00ebr arritjen n\u00eb faz\u00ebn finale t\u00eb kualifikimeve p\u00ebr Kampionatin Bot\u00ebror, duke shtuar se e ardhmja e ekipit \u00ebsht\u00eb premtuese.<\/p>\n<p>N\u00eb em\u00ebr t\u00eb komunitetit t\u00eb futbollit, presidenti i Federat\u00ebs s\u00eb Futbollit t\u00eb Kosov\u00ebs, Agim Ademi, shprehu mir\u00ebnjohje p\u00ebr k\u00ebt\u00eb vler\u00ebsim institucional. Ai theksoi se, ndon\u00ebse Komb\u00ebtarja nuk arriti kualifikimin, mb\u00ebshtetja e shtetit dhe e qytetar\u00ebve mbetet thelb\u00ebsore p\u00ebr zhvillimin e futbollit n\u00eb vend.<\/p>\n<p>\u201cKjo \u00ebsht\u00eb medalja m\u00eb e \u00e7muar, medalja e shtetit ton\u00eb, medalja e popullit ton\u00eb. Ne v\u00ebrtet\u00eb nuk shkuam n\u00eb Kup\u00ebn Bot\u00ebrore, por fituam nj\u00eb medalje e shtetit ton\u00eb, zemrat e shtetit ton\u00eb, e cila \u00ebsht\u00eb p\u00ebr neve shum\u00eb e r\u00ebnd\u00ebsishme sepse ne jemi t\u00eb k\u00ebtij shteti. Ne si federat\u00eb dhe si futbollist\u00eb jemi shum\u00eb t\u00eb lumtur q\u00eb kemi pasur nj\u00eb bashk\u00ebpunim kaq t\u00eb mir\u00eb dhe kaq t\u00eb af\u00ebrt me presidenten ton\u00eb, e cila na ka ndihmuar gjithmon\u00eb, me dekretet p\u00ebr futbollist\u00ebt dhe me prezenc\u00ebn e saj \u00e7do her\u00eb, edhe kur kemi qen\u00eb mir\u00eb, edhe kur kemi qen\u00eb keq\u201d \u2013 ka th\u00ebn\u00eb Ademi.<\/p>\n<p>Nd\u00ebrkoh\u00eb, kapiteni i Kosov\u00ebs, Vedat Muriqi, u shpreh krenar p\u00ebr p\u00ebrfaq\u00ebsimin e vendit dhe fal\u00ebnderoi institucionet dhe tifoz\u00ebt p\u00ebr mb\u00ebshtetjen. Ai pranoi se humbja ishte nj\u00eb goditje e r\u00ebnd\u00eb p\u00ebr skuadr\u00ebn, por theksoi se ekipi ka potencial t\u00eb madh dhe nj\u00eb t\u00eb ardhme t\u00eb ndritur.<\/p>\n<p>\u201cFillimisht ju fal\u00ebnderoj p\u00ebr mikpritjen dhe q\u00eb na nderuat me k\u00ebt\u00eb medalje. Ne e kemi dit\u00eb edhe para ndeshjes sa \u00ebsht\u00eb d\u00ebshira e madhe p\u00ebr gjith\u00eb popullin dhe gjith\u00eb shqiptar\u00ebt anemban\u00eb bot\u00ebs. Edhe t\u00eb them t\u00eb drejt\u00ebn, nuk kemi besuar se do t\u00eb humbim. As bilet\u00ebn kthyese nuk e kam. Ka qen\u00eb nj\u00eb goditje e madhe p\u00ebr neve, edhe pse mendoj se nuk e merituam humbjen. Kemi luftuar shum\u00eb dhe kemi b\u00ebr\u00eb \u00e7mos q\u00eb ta b\u00ebjm\u00eb \u00ebndrr\u00ebn realitet. N\u00eb em\u00ebr t\u00eb ekipit, ju fal\u00ebnderoj nga zemra juve si Presidente, shtetin e Kosov\u00ebs, popullin ton\u00eb, mediat dhe federat\u00ebn\u201d \u2013 deklaroi Muriqi.<\/p>\n<p>Ceremonia e dekorimit vjen si nj\u00eb vler\u00ebsim p\u00ebr paraqitjet dhe p\u00ebrkushtimin e Komb\u00ebtares s\u00eb Kosov\u00ebs, e cila ishte shum\u00eb pran\u00eb nj\u00eb kualifikimi historik, duke l\u00ebn\u00eb gjurm\u00eb t\u00eb r\u00ebnd\u00ebsishme n\u00eb sken\u00ebn nd\u00ebrkomb\u00ebtare t\u00eb futbollit.<\/p>\n","protected":false},"excerpt":{"rendered":"<p>Presidentja e Republik\u00ebs s\u00eb Kosov\u00ebs, Vjosa Osmani, ka dekoruar Komb\u00ebtaren e Kosov\u00ebs n\u00eb futboll me Medaljen Presidenciale t\u00eb Meritave, n\u00eb nj\u00eb ceremoni t\u00eb mbajtur nj\u00eb dit\u00eb pas ndeshjes s\u00eb \u201cplay-off\u201d-it ndaj Turqis\u00eb, e cila p\u00ebrfundoi me rezultat 0:1. N\u00eb fjal\u00ebn e saj, Osmani theksoi se, pavar\u00ebsisht humbjes dhe moskualifikimit n\u00eb Kup\u00ebn e Bot\u00ebs, Komb\u00ebtarja mbetet [&hellip;]<\/p>\n","protected":false},"author":1,"featured_media":230964,"comment_status":"closed","ping_status":"closed","sticky":false,"template":"","format":"standard","meta":{"footnotes":""},"categories":[5],"tags":[],"class_list":{"0":"post-230963","1":"post","2":"type-post","3":"status-publish","4":"format-standard","5":"has-post-thumbnail","7":"category-lajme"},"_links":{"self":[{"href":"https:\/\/radiostargjilan.com\/web\/wp-json\/wp\/v2\/posts\/230963","targetHints":{"allow":["GET"]}}],"collection":[{"href":"https:\/\/radiostargjilan.com\/web\/wp-json\/wp\/v2\/posts"}],"about":[{"href":"https:\/\/radiostargjilan.com\/web\/wp-json\/wp\/v2\/types\/post"}],"author":[{"embeddable":true,"href":"https:\/\/radiostargjilan.com\/web\/wp-json\/wp\/v2\/users\/1"}],"replies":[{"embeddable":true,"href":"https:\/\/radiostargjilan.com\/web\/wp-json\/wp\/v2\/comments?post=230963"}],"version-history":[{"count":1,"href":"https:\/\/radiostargjilan.com\/web\/wp-json\/wp\/v2\/posts\/230963\/revisions"}],"predecessor-version":[{"id":230965,"href":"https:\/\/radiostargjilan.com\/web\/wp-json\/wp\/v2\/posts\/230963\/revisions\/230965"}],"wp:featuredmedia":[{"embeddable":true,"href":"https:\/\/radiostargjilan.com\/web\/wp-json\/wp\/v2\/media\/230964"}],"wp:attachment":[{"href":"https:\/\/radiostargjilan.com\/web\/wp-json\/wp\/v2\/media?parent=230963"}],"wp:term":[{"taxonomy":"category","embeddable":true,"href":"https:\/\/radiostargjilan.com\/web\/wp-json\/wp\/v2\/categories?post=230963"},{"taxonomy":"post_tag","embeddable":true,"href":"https:\/\/radiostargjilan.com\/web\/wp-json\/wp\/v2\/tags?post=230963"}],"curies":[{"name":"wp","href":"https:\/\/api.w.org\/{rel}","templated":true}]}}