{"id":230966,"date":"2026-04-01T15:59:19","date_gmt":"2026-04-01T13:59:19","guid":{"rendered":"https:\/\/radiostargjilan.com\/web\/?p=230966"},"modified":"2026-04-01T15:59:19","modified_gmt":"2026-04-01T13:59:19","slug":"murati-njofton-se-dje-jane-ekzekutuar-pagat-me-rritje-te-shumes-nga-pervoja-e-punes","status":"publish","type":"post","link":"https:\/\/radiostargjilan.com\/web\/murati-njofton-se-dje-jane-ekzekutuar-pagat-me-rritje-te-shumes-nga-pervoja-e-punes\/","title":{"rendered":"Murati njofton se dje jan\u00eb ekzekutuar pagat me rritje t\u00eb shum\u00ebs nga p\u00ebrvoja e pun\u00ebs"},"content":{"rendered":"<p>Ministri i Financave, Hekuran Murati, ka njoftuar se p\u00ebrve\u00e7 pag\u00ebs s\u00eb 13-t\u00eb p\u00ebr t\u00eb gjith\u00eb t\u00eb pun\u00ebsuarit n\u00eb sektorin publik q\u00eb paguhen nga buxheti i shtetit, jan\u00eb ekzekutuar edhe pagat e rregullta me nj\u00eb rritje t\u00eb shtes\u00ebs p\u00ebr p\u00ebrvoj\u00ebn e pun\u00ebs.<\/p>\n<p>Sipas tij, shtesa p\u00ebr p\u00ebrvoj\u00ebn e pun\u00ebs \u00ebsht\u00eb rritur nga 0.25 p\u00ebr qind n\u00eb 0.50 p\u00ebr qind p\u00ebr 15 vitet e para t\u00eb p\u00ebrvoj\u00ebs, \u00e7ka p\u00ebrkthehet n\u00eb rritje efektive t\u00eb pag\u00ebs p\u00ebr t\u00eb gjith\u00eb t\u00eb pun\u00ebsuarit n\u00eb sektorin publik.<\/p>\n<p>Murati ka b\u00ebr\u00eb t\u00eb ditur se kjo shtes\u00eb e rritur nuk vlen vet\u00ebm p\u00ebr muajin aktual, por \u00ebsht\u00eb aplikuar edhe n\u00eb m\u00ebnyr\u00eb retroaktive p\u00ebr muajt janar dhe shkurt.<\/p>\n","protected":false},"excerpt":{"rendered":"<p>Ministri i Financave, Hekuran Murati, ka njoftuar se p\u00ebrve\u00e7 pag\u00ebs s\u00eb 13-t\u00eb p\u00ebr t\u00eb gjith\u00eb t\u00eb pun\u00ebsuarit n\u00eb sektorin publik q\u00eb paguhen nga buxheti i shtetit, jan\u00eb ekzekutuar edhe pagat e rregullta me nj\u00eb rritje t\u00eb shtes\u00ebs p\u00ebr p\u00ebrvoj\u00ebn e pun\u00ebs. Sipas tij, shtesa p\u00ebr p\u00ebrvoj\u00ebn e pun\u00ebs \u00ebsht\u00eb rritur nga 0.25 p\u00ebr qind n\u00eb [&hellip;]<\/p>\n","protected":false},"author":1,"featured_media":230967,"comment_status":"closed","ping_status":"closed","sticky":false,"template":"","format":"standard","meta":{"footnotes":""},"categories":[5],"tags":[],"class_list":{"0":"post-230966","1":"post","2":"type-post","3":"status-publish","4":"format-standard","5":"has-post-thumbnail","7":"category-lajme"},"_links":{"self":[{"href":"https:\/\/radiostargjilan.com\/web\/wp-json\/wp\/v2\/posts\/230966","targetHints":{"allow":["GET"]}}],"collection":[{"href":"https:\/\/radiostargjilan.com\/web\/wp-json\/wp\/v2\/posts"}],"about":[{"href":"https:\/\/radiostargjilan.com\/web\/wp-json\/wp\/v2\/types\/post"}],"author":[{"embeddable":true,"href":"https:\/\/radiostargjilan.com\/web\/wp-json\/wp\/v2\/users\/1"}],"replies":[{"embeddable":true,"href":"https:\/\/radiostargjilan.com\/web\/wp-json\/wp\/v2\/comments?post=230966"}],"version-history":[{"count":1,"href":"https:\/\/radiostargjilan.com\/web\/wp-json\/wp\/v2\/posts\/230966\/revisions"}],"predecessor-version":[{"id":230968,"href":"https:\/\/radiostargjilan.com\/web\/wp-json\/wp\/v2\/posts\/230966\/revisions\/230968"}],"wp:featuredmedia":[{"embeddable":true,"href":"https:\/\/radiostargjilan.com\/web\/wp-json\/wp\/v2\/media\/230967"}],"wp:attachment":[{"href":"https:\/\/radiostargjilan.com\/web\/wp-json\/wp\/v2\/media?parent=230966"}],"wp:term":[{"taxonomy":"category","embeddable":true,"href":"https:\/\/radiostargjilan.com\/web\/wp-json\/wp\/v2\/categories?post=230966"},{"taxonomy":"post_tag","embeddable":true,"href":"https:\/\/radiostargjilan.com\/web\/wp-json\/wp\/v2\/tags?post=230966"}],"curies":[{"name":"wp","href":"https:\/\/api.w.org\/{rel}","templated":true}]}}