{"id":230975,"date":"2026-04-01T20:12:06","date_gmt":"2026-04-01T18:12:06","guid":{"rendered":"https:\/\/radiostargjilan.com\/web\/?p=230975"},"modified":"2026-04-01T20:12:06","modified_gmt":"2026-04-01T18:12:06","slug":"nazim-gagica-jep-doreheqje-nga-kryetari-i-aak-gjilan","status":"publish","type":"post","link":"https:\/\/radiostargjilan.com\/web\/nazim-gagica-jep-doreheqje-nga-kryetari-i-aak-gjilan\/","title":{"rendered":"Nazim Gagica jep dor\u00ebheqje nga kryetari i AAK-Gjilan"},"content":{"rendered":"<p>Nazim Gagica ka njoftuar dor\u00ebheqjen e tij nga pozita e kryetarit t\u00eb deg\u00ebs s\u00eb Aleanc\u00ebs p\u00ebr Ardhm\u00ebrin\u00eb e Kosov\u00ebs (AAK) n\u00eb Gjilan, p\u00ebrmes nj\u00eb deklarate publike ku e cil\u00ebson k\u00ebt\u00eb si nj\u00eb vendim politik t\u00eb menduar dhe p\u00ebrfundimtar. <\/p>\n<p>N\u00eb nj\u00eb shkrim drejtuar aktivist\u00ebve, bashk\u00ebpun\u00ebtor\u00ebve dhe qytetar\u00ebve, ai thekson se nuk do t\u00eb kandidoj\u00eb m\u00eb p\u00ebr asnj\u00eb pozit\u00eb n\u00eb procesin e brendsh\u00ebm zgjedhor t\u00eb partis\u00eb, nd\u00ebrsa vendimin e arsyeton si pjes\u00eb t\u00eb nj\u00eb reflektimi m\u00eb t\u00eb gjer\u00eb p\u00ebr riorganizimin dhe t\u00eb ardhmen politike.<\/p>\n<p>Vendim politik, i menduar dhe p\u00ebrfundimtar.<\/p>\n<p>T\u00eb nderuar aktivist\u00eb, bashk\u00ebpun\u00ebtor\u00eb dhe qytetar\u00eb,<\/p>\n<p>Procesi i zgjedhjeve t\u00eb brendshme n\u00eb Aleanc\u00eb, i cili tashm\u00eb ka filluar dhe pritet t\u00eb p\u00ebrmbyllet n\u00eb fillim t\u00eb muajit maj, p\u00ebrb\u00ebn nj\u00eb moment t\u00eb r\u00ebnd\u00ebsish\u00ebm reflektimi dhe riorganizimi politik.<\/p>\n<p>Pas nj\u00eb analize serioze dhe nj\u00eb reflektimi t\u00eb sinqert\u00eb, kam vendosur q\u00eb n\u00eb k\u00ebt\u00eb proces t\u00eb mos jem kandidat p\u00ebr Kryetar t\u00eb Deg\u00ebs dhe t\u00eb mos jem pjes\u00eb e gar\u00ebs p\u00ebr asnj\u00eb pozit\u00eb organizative n\u00eb deg\u00eb.<\/p>\n<p>Ky \u00ebsht\u00eb nj\u00eb vendim i menduar, i qart\u00eb dhe p\u00ebrfundimtar p\u00ebr k\u00ebt\u00eb proces.<\/p>\n<p>Ky vendim nuk n\u00ebnkupton t\u00ebrheqje nga angazhimi im politik, nuk \u00ebsht\u00eb heshtje e as lodhje, e aq m\u00eb pak dor\u00ebzim.<br \/>\nP\u00ebrkundrazi, do t\u00eb vazhdoj t\u00eb jem i angazhuar, i pranish\u00ebm dhe i p\u00ebrkushtuar n\u00eb \u00e7do zhvillim ku k\u00ebrkohet q\u00ebndrim, seriozitet dhe p\u00ebrgjegj\u00ebsi para qytetar\u00ebve.<br \/>\nBesoj fuqish\u00ebm se koha q\u00eb kemi p\u00ebrpara nuk \u00ebsht\u00eb koh\u00eb p\u00ebr kalkulime t\u00eb vogla, as p\u00ebr nj\u00eb pozit\u00eb mandatare, por p\u00ebr qart\u00ebsi politike, vizion m\u00eb t\u00eb madh, riorganizim dhe besim t\u00eb ri politik.<br \/>\nRruga ime n\u00eb jet\u00ebn publike mbetet e lidhur me p\u00ebrgjegj\u00ebsin\u00eb, seriozitetin dhe sh\u00ebrbimin ndaj qytetarit.<\/p>\n<p>N\u00eb k\u00ebt\u00eb proces t\u00eb brendsh\u00ebm zgjedhor, do t\u00eb jem i angazhuar p\u00ebr mbylljen sa m\u00eb t\u00eb suksesshme t\u00eb tij, duke dh\u00ebn\u00eb kontributin tim n\u00eb ruajtjen e frym\u00ebs demokratike, n\u00eb mb\u00ebshtetjen e zgjedhjes s\u00eb struktur\u00ebs s\u00eb re dhe t\u00eb kryetarit t\u00eb ri t\u00eb Deg\u00ebs, si nj\u00eb obligim politik, statutar dhe organizativ q\u00eb duhet ta p\u00ebrmbyllim me seriozitet dhe p\u00ebrgjegj\u00ebsi.<\/p>\n<p>N\u00eb fund, dua t\u00eb fal\u00ebnderoj me respekt secilin aktivist, bashk\u00ebpun\u00ebtor dhe qytetar q\u00eb ka qen\u00eb pran\u00eb meje n\u00eb \u00e7do etap\u00eb.<br \/>\nMb\u00ebshtetja dhe besimi i tyre kan\u00eb qen\u00eb dhe mbeten p\u00ebr mua jo privilegj personal, por obligim p\u00ebr t\u00eb vazhduar me dinjitet, p\u00ebrgjegj\u00ebsi dhe q\u00ebndrim.<\/p>\n<p>Me respekt,<br \/>\nNazim Gagica<\/p>\n","protected":false},"excerpt":{"rendered":"<p>Nazim Gagica ka njoftuar dor\u00ebheqjen e tij nga pozita e kryetarit t\u00eb deg\u00ebs s\u00eb Aleanc\u00ebs p\u00ebr Ardhm\u00ebrin\u00eb e Kosov\u00ebs (AAK) n\u00eb Gjilan, p\u00ebrmes nj\u00eb deklarate publike ku e cil\u00ebson k\u00ebt\u00eb si nj\u00eb vendim politik t\u00eb menduar dhe p\u00ebrfundimtar. N\u00eb nj\u00eb shkrim drejtuar aktivist\u00ebve, bashk\u00ebpun\u00ebtor\u00ebve dhe qytetar\u00ebve, ai thekson se nuk do t\u00eb kandidoj\u00eb m\u00eb p\u00ebr [&hellip;]<\/p>\n","protected":false},"author":1,"featured_media":230976,"comment_status":"closed","ping_status":"closed","sticky":false,"template":"","format":"standard","meta":{"footnotes":""},"categories":[5],"tags":[],"class_list":{"0":"post-230975","1":"post","2":"type-post","3":"status-publish","4":"format-standard","5":"has-post-thumbnail","7":"category-lajme"},"_links":{"self":[{"href":"https:\/\/radiostargjilan.com\/web\/wp-json\/wp\/v2\/posts\/230975","targetHints":{"allow":["GET"]}}],"collection":[{"href":"https:\/\/radiostargjilan.com\/web\/wp-json\/wp\/v2\/posts"}],"about":[{"href":"https:\/\/radiostargjilan.com\/web\/wp-json\/wp\/v2\/types\/post"}],"author":[{"embeddable":true,"href":"https:\/\/radiostargjilan.com\/web\/wp-json\/wp\/v2\/users\/1"}],"replies":[{"embeddable":true,"href":"https:\/\/radiostargjilan.com\/web\/wp-json\/wp\/v2\/comments?post=230975"}],"version-history":[{"count":1,"href":"https:\/\/radiostargjilan.com\/web\/wp-json\/wp\/v2\/posts\/230975\/revisions"}],"predecessor-version":[{"id":230977,"href":"https:\/\/radiostargjilan.com\/web\/wp-json\/wp\/v2\/posts\/230975\/revisions\/230977"}],"wp:featuredmedia":[{"embeddable":true,"href":"https:\/\/radiostargjilan.com\/web\/wp-json\/wp\/v2\/media\/230976"}],"wp:attachment":[{"href":"https:\/\/radiostargjilan.com\/web\/wp-json\/wp\/v2\/media?parent=230975"}],"wp:term":[{"taxonomy":"category","embeddable":true,"href":"https:\/\/radiostargjilan.com\/web\/wp-json\/wp\/v2\/categories?post=230975"},{"taxonomy":"post_tag","embeddable":true,"href":"https:\/\/radiostargjilan.com\/web\/wp-json\/wp\/v2\/tags?post=230975"}],"curies":[{"name":"wp","href":"https:\/\/api.w.org\/{rel}","templated":true}]}}