{"id":230980,"date":"2026-04-01T22:06:05","date_gmt":"2026-04-01T20:06:05","guid":{"rendered":"https:\/\/radiostargjilan.com\/web\/?p=230980"},"modified":"2026-04-01T22:06:05","modified_gmt":"2026-04-01T20:06:05","slug":"ekstradohet-nga-zvicra-per-ne-kosove-i-kerkuari-me-leter-rreshtim-nderkombetar","status":"publish","type":"post","link":"https:\/\/radiostargjilan.com\/web\/ekstradohet-nga-zvicra-per-ne-kosove-i-kerkuari-me-leter-rreshtim-nderkombetar\/","title":{"rendered":"Ekstradohet nga Zvicra p\u00ebr n\u00eb Kosov\u00eb, i k\u00ebrkuari me let\u00ebr rreshtim nd\u00ebrkomb\u00ebtar"},"content":{"rendered":"<p>Policia e Kosov\u00ebs ka njoftuar se me nj\u00ebsitet e saj nga Drejtoria p\u00ebr Bashk\u00ebpunim Nd\u00ebrkomb\u00ebtar Policor, n\u00eb koordinim me nj\u00ebsitet tjera relevante dhe institucionet e drejt\u00ebsis\u00eb, ka realizuar ekstradimin e shtetasit kosovar B.Z. nga Zvicra.<\/p>\n<p>Sipas Policis\u00eb, shtetasi B.Z. ishte arrestuar nga autoritetet zvicerane, pasi q\u00eb i nj\u00ebjti k\u00ebrkohej nga institucionet e drejt\u00ebsis\u00eb s\u00eb Kosov\u00ebs p\u00ebr vepr\u00ebn penale \u201cMashtrim\u201d, p\u00ebr t\u00eb cil\u00ebn ishte shmangur m\u00eb par\u00eb drejt\u00ebsis\u00eb.<\/p>\n<div class=\"jeg_ad jeg_ad_article jnews_content_inline_ads  \">\n<div class=\"ads-wrapper align-center \"><\/div>\n<\/div>\n<p>Policia e Kosov\u00ebs b\u00ebri t\u00eb ditur se ekstradimi u realizua n\u00eb p\u00ebrputhje me ligjet n\u00eb fuqi dhe fal\u00eb bashk\u00ebpunimit t\u00eb ngusht\u00eb mes institucioneve t\u00eb Kosov\u00ebs dhe Zvicr\u00ebs.<\/p>\n<p>\u201cPolicia e Kosov\u00ebs do vazhdoj me shk\u00ebmbimin e informacioneve me institucionet vendore, shtetet dhe organizatat nd\u00ebrkomb\u00ebtare me q\u00ebllim t\u00eb parandalimit, hetimit dhe zbulimit t\u00eb aktiviteteve kriminale q\u00eb nd\u00ebrlidhen me hetimin e kryesve t\u00eb veprave penale, si dhe aktivitete tjera n\u00eb gjurmimin, kapjen-arrestimin e personave dhe grupeve kriminale q\u00eb veprojn\u00eb brenda dhe jasht\u00eb vendit\u201d, thuhet n\u00eb fund t\u00eb njoftimit.<\/p>\n<p><iframe loading=\"lazy\" src=\"https:\/\/www.facebook.com\/plugins\/post.php?href=https%3A%2F%2Fwww.facebook.com%2FKosovoPolice%2Fposts%2Fpfbid02teB4J4MqbdMaLJzrd3GApoKGNPGu858vGi7GgE9h7MkjmjoAGgYo9EkVHcb8nfNDl&amp;show_text=true&amp;width=500\" width=\"500\" height=\"297\" frameborder=\"0\" scrolling=\"no\" allowfullscreen=\"allowfullscreen\"><\/iframe><\/p>\n","protected":false},"excerpt":{"rendered":"<p>Policia e Kosov\u00ebs ka njoftuar se me nj\u00ebsitet e saj nga Drejtoria p\u00ebr Bashk\u00ebpunim Nd\u00ebrkomb\u00ebtar Policor, n\u00eb koordinim me nj\u00ebsitet tjera relevante dhe institucionet e drejt\u00ebsis\u00eb, ka realizuar ekstradimin e shtetasit kosovar B.Z. nga Zvicra. Sipas Policis\u00eb, shtetasi B.Z. ishte arrestuar nga autoritetet zvicerane, pasi q\u00eb i nj\u00ebjti k\u00ebrkohej nga institucionet e drejt\u00ebsis\u00eb s\u00eb Kosov\u00ebs [&hellip;]<\/p>\n","protected":false},"author":1,"featured_media":230981,"comment_status":"closed","ping_status":"closed","sticky":false,"template":"","format":"standard","meta":{"footnotes":""},"categories":[5],"tags":[],"class_list":{"0":"post-230980","1":"post","2":"type-post","3":"status-publish","4":"format-standard","5":"has-post-thumbnail","7":"category-lajme"},"_links":{"self":[{"href":"https:\/\/radiostargjilan.com\/web\/wp-json\/wp\/v2\/posts\/230980","targetHints":{"allow":["GET"]}}],"collection":[{"href":"https:\/\/radiostargjilan.com\/web\/wp-json\/wp\/v2\/posts"}],"about":[{"href":"https:\/\/radiostargjilan.com\/web\/wp-json\/wp\/v2\/types\/post"}],"author":[{"embeddable":true,"href":"https:\/\/radiostargjilan.com\/web\/wp-json\/wp\/v2\/users\/1"}],"replies":[{"embeddable":true,"href":"https:\/\/radiostargjilan.com\/web\/wp-json\/wp\/v2\/comments?post=230980"}],"version-history":[{"count":1,"href":"https:\/\/radiostargjilan.com\/web\/wp-json\/wp\/v2\/posts\/230980\/revisions"}],"predecessor-version":[{"id":230982,"href":"https:\/\/radiostargjilan.com\/web\/wp-json\/wp\/v2\/posts\/230980\/revisions\/230982"}],"wp:featuredmedia":[{"embeddable":true,"href":"https:\/\/radiostargjilan.com\/web\/wp-json\/wp\/v2\/media\/230981"}],"wp:attachment":[{"href":"https:\/\/radiostargjilan.com\/web\/wp-json\/wp\/v2\/media?parent=230980"}],"wp:term":[{"taxonomy":"category","embeddable":true,"href":"https:\/\/radiostargjilan.com\/web\/wp-json\/wp\/v2\/categories?post=230980"},{"taxonomy":"post_tag","embeddable":true,"href":"https:\/\/radiostargjilan.com\/web\/wp-json\/wp\/v2\/tags?post=230980"}],"curies":[{"name":"wp","href":"https:\/\/api.w.org\/{rel}","templated":true}]}}