{"id":230984,"date":"2026-04-01T22:25:09","date_gmt":"2026-04-01T20:25:09","guid":{"rendered":"https:\/\/radiostargjilan.com\/web\/?p=230984"},"modified":"2026-04-01T22:25:09","modified_gmt":"2026-04-01T20:25:09","slug":"ldk-kerkon-debat-parlamentar-per-ceshtjen-e-rritjes-se-cmimit-te-naftes","status":"publish","type":"post","link":"https:\/\/radiostargjilan.com\/web\/ldk-kerkon-debat-parlamentar-per-ceshtjen-e-rritjes-se-cmimit-te-naftes\/","title":{"rendered":"LDK k\u00ebrkon debat parlamentar p\u00ebr \u00e7\u00ebshtjen e rritjes s\u00eb \u00e7mimit t\u00eb naft\u00ebs"},"content":{"rendered":"<p>Lidhja Demokratike e Kosov\u00ebs (LDK), ka k\u00ebrkuar debat parlamentar p\u00ebr t\u00eb premten, m\u00eb 03.04.2026, n\u00eb lidhje me rritjen e \u00e7mimit t\u00eb naft\u00ebs.<\/p>\n<p>Deputeti i k\u00ebsaj partie, Besian Mustafa, n\u00eb nj\u00eb konferenc\u00eb p\u00ebr media, m\u00eb 01.04.2026, e ka cil\u00ebsuar si \u201cfatkeq\u00ebsi\u201d q\u00eb pikat urgjente t\u00eb propozuara nga ai, nuk u shtuan n\u00eb rend dite n\u00eb Komisionin p\u00ebr Buxhet. Pik\u00eb tjet\u00ebr, pos asaj t\u00eb rritjes s\u00eb \u00e7mimit t\u00eb derivateve t\u00eb naft\u00ebs ishte edhe energjia elektrike.<\/p>\n<p>\u201cN\u00eb rrjedh\u00eb dhe n\u00eb vazhdim\u00ebsi t\u00eb k\u00ebsaj, deputet\u00ebt e LDK-s\u00eb kemi k\u00ebrkuar q\u00eb k\u00ebt\u00eb t\u00eb premte t\u00eb mbahet nj\u00eb seanc\u00eb e jasht\u00ebzakonshme ku do t\u00eb diskutojm\u00eb sakt\u00ebsisht p\u00ebr k\u00ebt\u00eb tem\u00eb. Shpresojm\u00eb se do t\u00eb kemi prezent\u00eb edhe p\u00ebrfaq\u00ebsuesit e Qeveris\u00eb p\u00ebr t\u00eb diskutuar sakt\u00ebsisht se \u00e7far\u00eb po b\u00ebn Qeveria e Kosov\u00ebs p\u00ebr t\u00eb mbrojtur dhe p\u00ebrkrahur qytetar\u00ebt nga rritja e \u00e7mimeve\u201d \u2013 tha Mustafa.<\/p>\n<p>Ai tha se ministri i Financave, Hekuran Murati, do duhej t\u00eb raportonte n\u00eb komisionin parlamentar edhe rreth \u00e7\u00ebshtjes: pse pun\u00ebtor\u00ebt e RTK-s\u00eb nuk e kan\u00eb pranuar pag\u00ebn e 13-t\u00eb?.<\/p>\n<p>Edhe deputeti dhe ish-kryeministri Avdullah Hoti, p\u00ebrmes nj\u00eb postimi n\u00eb Facebook, tha se \u00e7mimet e derivateve jan\u00eb rritur me rreth 40 % krahasuar me dat\u00ebn 28 shkurt 2026, kur nis\u00ebn sulmet. Rrjedhimisht, sipas tij, jan\u00eb rritur kostot e prodhimit dhe operimit t\u00eb bizneseve, t\u00eb cilat po barten te \u00e7mimet e produkteve t\u00eb konsumit dhe produkteve t\u00eb nd\u00ebrmjetme.<\/p>\n<p>Hoti tha se p\u00ebr t\u2019u p\u00ebrballur me k\u00ebt\u00eb kriz\u00eb, Qeveria e Kosov\u00ebs ka nd\u00ebrmarr\u00eb vet\u00ebm nj\u00eb mas\u00eb: ka p\u00ebrcaktuar marzhet e fitimit p\u00ebr bizneset q\u00eb merren me derivate.<\/p>\n<p>\u201cGama e gjer\u00eb e masave t\u00eb nevojshme n\u00eb raste t\u00eb tilla nuk \u00ebsht\u00eb shqyrtuar fare nga Qeveria. Kjo qasje \u00ebsht\u00eb e \u00e7uditshme, kur kihet parasysh rritja e deritanishme prej 40 p\u00ebr qind e \u00e7mimit t\u00eb derivateve\u201d \u2013 tha ai.<\/p>\n<p>Sipas tij, kjo mas\u00eb e Qeveris\u00eb nuk \u00ebsht\u00eb adekuate p\u00ebr dy arsye. E para, sipas Hotit, caktimi i marzh\u00ebs s\u00eb fitimit e mban fitimin e biznesit brenda nj\u00eb kufiri t\u00eb caktuar, por u mund\u00ebson bizneseve q\u00eb \u00e7do rritje e \u00e7mimit n\u00eb tregjet nd\u00ebrkomb\u00ebtare ta bartin plot\u00ebsisht te konsumatori.<\/p>\n<p>\u201cMe k\u00ebt\u00eb mas\u00eb, bizneset nuk kan\u00eb asnj\u00eb nxitje t\u00eb ulin shpenzimet. K\u00ebshtu q\u00eb, konsumatori jo vet\u00ebm q\u00eb nuk mbrohet, por e paguan plot\u00ebsisht rritjen e \u00e7mimit t\u00eb derivateve\u201d \u2013 ka shkruar ai.<\/p>\n<p>E dyta, Hoti thot\u00eb se p\u00ebrvoja d\u00ebshmon se intervenimet e tilla, n\u00eb dukje t\u00ebrheq\u00ebse p\u00ebr qytetarin, e p\u00ebrkeq\u00ebsojn\u00eb situat\u00ebn.<\/p>\n<p>\u201cK\u00ebto lloj intervenimesh b\u00ebjn\u00eb q\u00eb, n\u00eb pamund\u00ebsi t\u00eb operimit brenda marzheve t\u00eb fitimit t\u00eb p\u00ebrcaktuara nga Qeveria, disa biznese t\u00eb dalin nga tregu. Rrjedhimisht, konkurrenca d\u00ebmtohet pasi tregu koncentrohet n\u00eb pak biznese\u201d \u2013 ka shtuar Hoti.<\/p>\n<p>M\u00eb 04.03.2026, ministrja e Industris\u00eb, Tregtis\u00eb dhe Nd\u00ebrmarr\u00ebsis\u00eb, Mimoza Kusari, kishte njoftuar se ka n\u00ebnshkruar vendimin p\u00ebr caktimin e \u00e7mimeve t\u00eb produkteve t\u00eb naft\u00ebs, pas rritjes s\u00eb menj\u00ebhershme t\u00eb \u00e7mimeve t\u00eb derivateve si pasoj\u00eb e zhvillimeve t\u00eb fundit n\u00eb Lindjen e Mesme.<\/p>\n","protected":false},"excerpt":{"rendered":"<p>Lidhja Demokratike e Kosov\u00ebs (LDK), ka k\u00ebrkuar debat parlamentar p\u00ebr t\u00eb premten, m\u00eb 03.04.2026, n\u00eb lidhje me rritjen e \u00e7mimit t\u00eb naft\u00ebs. Deputeti i k\u00ebsaj partie, Besian Mustafa, n\u00eb nj\u00eb konferenc\u00eb p\u00ebr media, m\u00eb 01.04.2026, e ka cil\u00ebsuar si \u201cfatkeq\u00ebsi\u201d q\u00eb pikat urgjente t\u00eb propozuara nga ai, nuk u shtuan n\u00eb rend dite n\u00eb Komisionin [&hellip;]<\/p>\n","protected":false},"author":1,"featured_media":230985,"comment_status":"closed","ping_status":"closed","sticky":false,"template":"","format":"standard","meta":{"footnotes":""},"categories":[5],"tags":[],"class_list":{"0":"post-230984","1":"post","2":"type-post","3":"status-publish","4":"format-standard","5":"has-post-thumbnail","7":"category-lajme"},"_links":{"self":[{"href":"https:\/\/radiostargjilan.com\/web\/wp-json\/wp\/v2\/posts\/230984","targetHints":{"allow":["GET"]}}],"collection":[{"href":"https:\/\/radiostargjilan.com\/web\/wp-json\/wp\/v2\/posts"}],"about":[{"href":"https:\/\/radiostargjilan.com\/web\/wp-json\/wp\/v2\/types\/post"}],"author":[{"embeddable":true,"href":"https:\/\/radiostargjilan.com\/web\/wp-json\/wp\/v2\/users\/1"}],"replies":[{"embeddable":true,"href":"https:\/\/radiostargjilan.com\/web\/wp-json\/wp\/v2\/comments?post=230984"}],"version-history":[{"count":1,"href":"https:\/\/radiostargjilan.com\/web\/wp-json\/wp\/v2\/posts\/230984\/revisions"}],"predecessor-version":[{"id":230986,"href":"https:\/\/radiostargjilan.com\/web\/wp-json\/wp\/v2\/posts\/230984\/revisions\/230986"}],"wp:featuredmedia":[{"embeddable":true,"href":"https:\/\/radiostargjilan.com\/web\/wp-json\/wp\/v2\/media\/230985"}],"wp:attachment":[{"href":"https:\/\/radiostargjilan.com\/web\/wp-json\/wp\/v2\/media?parent=230984"}],"wp:term":[{"taxonomy":"category","embeddable":true,"href":"https:\/\/radiostargjilan.com\/web\/wp-json\/wp\/v2\/categories?post=230984"},{"taxonomy":"post_tag","embeddable":true,"href":"https:\/\/radiostargjilan.com\/web\/wp-json\/wp\/v2\/tags?post=230984"}],"curies":[{"name":"wp","href":"https:\/\/api.w.org\/{rel}","templated":true}]}}