{"id":230987,"date":"2026-04-02T07:11:29","date_gmt":"2026-04-02T05:11:29","guid":{"rendered":"https:\/\/radiostargjilan.com\/web\/?p=230987"},"modified":"2026-04-02T07:11:29","modified_gmt":"2026-04-02T05:11:29","slug":"moti-sot-i-vranet-dhe-me-reshje-shiu","status":"publish","type":"post","link":"https:\/\/radiostargjilan.com\/web\/moti-sot-i-vranet-dhe-me-reshje-shiu\/","title":{"rendered":"Moti sot i vran\u00ebt dhe me reshje shiu"},"content":{"rendered":"<p>Sot parashikohet t\u00eb mbaj\u00eb mot i vran\u00ebt dhe me reshje shiu, t\u00eb cilat koh\u00eb pas kohe pritet t\u00eb jen\u00eb m\u00eb intensive.<\/p>\n<p>N\u00eb zonat malore priten reshje bore, t\u00eb cilat n\u00eb intervale t\u00eb caktuara pritet t\u00eb jen\u00eb t\u00eb dendura.<\/p>\n<p>Era do t\u00eb fryj\u00eb nga verilindja, e cila her\u00eb pas here pritet t\u00eb jet\u00eb mjaft e fuqishme lokalisht, me shpejt\u00ebsi prej 20\u201360 km\/h.<\/p>\n<p>Temperaturat minimale do t\u00eb l\u00ebvizin prej 4 deri n\u00eb 8\u00b0C, nd\u00ebrsa ato maksimale prej 5 deri n\u00eb 9\u00b0C.<\/p>\n","protected":false},"excerpt":{"rendered":"<p>Sot parashikohet t\u00eb mbaj\u00eb mot i vran\u00ebt dhe me reshje shiu, t\u00eb cilat koh\u00eb pas kohe pritet t\u00eb jen\u00eb m\u00eb intensive. N\u00eb zonat malore priten reshje bore, t\u00eb cilat n\u00eb intervale t\u00eb caktuara pritet t\u00eb jen\u00eb t\u00eb dendura. Era do t\u00eb fryj\u00eb nga verilindja, e cila her\u00eb pas here pritet t\u00eb jet\u00eb mjaft e fuqishme [&hellip;]<\/p>\n","protected":false},"author":1,"featured_media":230938,"comment_status":"closed","ping_status":"closed","sticky":false,"template":"","format":"standard","meta":{"footnotes":""},"categories":[5],"tags":[],"class_list":{"0":"post-230987","1":"post","2":"type-post","3":"status-publish","4":"format-standard","5":"has-post-thumbnail","7":"category-lajme"},"_links":{"self":[{"href":"https:\/\/radiostargjilan.com\/web\/wp-json\/wp\/v2\/posts\/230987","targetHints":{"allow":["GET"]}}],"collection":[{"href":"https:\/\/radiostargjilan.com\/web\/wp-json\/wp\/v2\/posts"}],"about":[{"href":"https:\/\/radiostargjilan.com\/web\/wp-json\/wp\/v2\/types\/post"}],"author":[{"embeddable":true,"href":"https:\/\/radiostargjilan.com\/web\/wp-json\/wp\/v2\/users\/1"}],"replies":[{"embeddable":true,"href":"https:\/\/radiostargjilan.com\/web\/wp-json\/wp\/v2\/comments?post=230987"}],"version-history":[{"count":1,"href":"https:\/\/radiostargjilan.com\/web\/wp-json\/wp\/v2\/posts\/230987\/revisions"}],"predecessor-version":[{"id":230988,"href":"https:\/\/radiostargjilan.com\/web\/wp-json\/wp\/v2\/posts\/230987\/revisions\/230988"}],"wp:featuredmedia":[{"embeddable":true,"href":"https:\/\/radiostargjilan.com\/web\/wp-json\/wp\/v2\/media\/230938"}],"wp:attachment":[{"href":"https:\/\/radiostargjilan.com\/web\/wp-json\/wp\/v2\/media?parent=230987"}],"wp:term":[{"taxonomy":"category","embeddable":true,"href":"https:\/\/radiostargjilan.com\/web\/wp-json\/wp\/v2\/categories?post=230987"},{"taxonomy":"post_tag","embeddable":true,"href":"https:\/\/radiostargjilan.com\/web\/wp-json\/wp\/v2\/tags?post=230987"}],"curies":[{"name":"wp","href":"https:\/\/api.w.org\/{rel}","templated":true}]}}