{"id":230989,"date":"2026-04-02T07:19:31","date_gmt":"2026-04-02T05:19:31","guid":{"rendered":"https:\/\/radiostargjilan.com\/web\/?p=230989"},"modified":"2026-04-02T07:20:08","modified_gmt":"2026-04-02T05:20:08","slug":"sot-mblidhet-kuvendi-shqyrtohen-edhe-projektligje-per-marreveshje-nderkombetare","status":"publish","type":"post","link":"https:\/\/radiostargjilan.com\/web\/sot-mblidhet-kuvendi-shqyrtohen-edhe-projektligje-per-marreveshje-nderkombetare\/","title":{"rendered":"Deputet\u00ebt sot n\u00eb seanc\u00eb, fokus marr\u00ebveshjet nd\u00ebrkomb\u00ebtare"},"content":{"rendered":"<p>Kuvendi i Kosov\u00ebs mblidhet sot n\u00eb or\u00ebn 10:00. N\u00eb k\u00ebt\u00eb seanc\u00eb do t\u00eb jen\u00eb n\u00eb rend dite nj\u00eb varg \u00e7\u00ebshtjesh, nd\u00ebr t\u00eb cilat edhe projektligje q\u00eb kan\u00eb t\u00eb b\u00ebjn\u00eb me marr\u00ebveshje nd\u00ebrkomb\u00ebrtare.<\/p>\n<p>N\u00eb k\u00ebt\u00eb kuad\u00ebr, jan\u00eb shqyrtimi i Projektligjit p\u00ebr ratifikimin e amendamentit nr.3 t\u00eb Marr\u00ebveshjes financiare nd\u00ebrmjet Republik\u00ebs s\u00eb Kosov\u00ebs dhe Bashkimit Evropian p\u00ebr Programin IPA 2018; shqyrtimi i Projektligjit p\u00ebr ratifikimin e amendamentit nr. 2 t\u00eb Marr\u00ebveshjes financiare nd\u00ebrmjet Republik\u00ebs s\u00eb Kosov\u00ebs dhe Bashkimit Evropian p\u00ebr Programin IPA 2017; shqyrtimi i Projektligjit p\u00ebr ratifikimin e Marr\u00ebveshjes s\u00eb kredis\u00eb mes Republik\u00ebs s\u00eb Kosov\u00ebs dhe Bank\u00ebs Evropiane p\u00ebr Investime p\u00ebr projektin energjia diellore fotovoltaike n\u00eb KEK \u2013 porta globale; shqyrtimi i Projektligjit p\u00ebr ratifikimin e Marr\u00ebveshjes s\u00eb kredis\u00eb nd\u00ebrmjet Republik\u00ebs s\u00eb Kosov\u00ebs, e p\u00ebrfaq\u00ebsuar nga Ministria e Financave, Pun\u00ebs dhe Transfereve dhe Bank\u00ebs Evropiane p\u00ebr Rind\u00ebrtim dhe Zhvillim (BERZh) p\u00ebr projektin e efi\u00e7enc\u00ebs s\u00eb energjis\u00eb n\u00eb nd\u00ebrtesa publike.<\/p>\n<p>Njoftimi i Kuvendit:<\/p>\n<p>1. Miratimi i procesverbaleve nga seancat e m\u00ebparshme,<\/p>\n<p>2. Deklarimet jasht\u00eb rendit t\u00eb dit\u00ebs,<\/p>\n<p>3. Pyetjet parlamentare,<\/p>\n<p>4. Shqyrtimi i Projektligjit nr.10\/L-008 p\u00ebr Ratifikimin e Marr\u00ebveshjes p\u00ebr qasje n\u00eb Arsimin e Lart\u00eb dhe pranim p\u00ebr studime n\u00eb Ballkanin Per\u00ebndimor,<\/p>\n<p>5. Shqyrtimi i Projektligjit nr.10\/L-009 p\u00ebr Ratifikimin e Amendamentit \u201cnr.3 t\u00eb Marr\u00ebveshjes Financiare nd\u00ebrmjet Republik\u00ebs s\u00eb Kosov\u00ebs dhe Bashkimit Evropian, p\u00ebr Programin IPA 2018\u201c,<\/p>\n<p>6. Shqyrtimi i Projektligjit nr.10\/L-010 p\u00ebr Ratifikimin e \u201cAmendamentit nr. 2 t\u00eb Marr\u00ebveshjes Financiare nd\u00ebrmjet Republik\u00ebs s\u00eb Kosov\u00ebs dhe Bashkimit Evropian, p\u00ebr Programin IPA 2017\u201c,<\/p>\n<p>7. Shqyrtimi i Projektligjit nr.10\/L-011 p\u00ebr ratifikimin e Marr\u00ebveshjes s\u00eb Kredis\u00eb mes Republik\u00ebs s\u00eb Kosov\u00ebs dhe Bank\u00ebs Evropiane p\u00ebr Investime p\u00ebr Projektin Energjia Diellore Fotovoltaike n\u00eb KEK \u2013 Porta Globale,<\/p>\n<p>8. Shqyrtimi i Projektligjit nr.10\/L-012 p\u00ebr ratifikimin e Marr\u00ebveshjes s\u00eb Kredis\u00eb nd\u00ebrmjet Republik\u00ebs s\u00eb Kosov\u00ebs, e P\u00ebrfaq\u00ebsuar nga Ministria e Financave, Pun\u00ebs dhe Transfereve dhe Bank\u00ebs Evropiane p\u00ebr Rind\u00ebrtim dhe Zhvillim (BERZh) p\u00ebr Projektin e efi\u00e7enc\u00ebs s\u00eb energjis\u00eb n\u00eb nd\u00ebrtesa publike,<\/p>\n<p>9. Shqyrtimi i Projektligjit nr.10\/L-013 p\u00ebr ratifikimin e Marr\u00ebveshjes s\u00eb Kredis\u00eb \u201c Projekti i Rrug\u00ebs me Shpejt\u00ebsi t\u00eb Lart\u00eb Prishtin\u00eb \u2013 Mitrovic\u00eb\u201d (Kredi shtes\u00eb) nd\u00ebrmjet Fondit Saudit p\u00ebr Zhvillim dhe Republik\u00ebs s\u00eb Kosov\u00ebs,<\/p>\n<p>10. Shqyrtimi i Projektligjit nr.10\/L-014 p\u00ebr ratifikimin e Marr\u00ebveshjes s\u00eb Kredis\u00eb nd\u00ebrmjet Republik\u00ebs s\u00eb Kosov\u00ebs dhe Bank\u00ebs Evropiane p\u00ebr Rind\u00ebrtim dhe Zhvillim p\u00ebr Projektin \u201cImpianti p\u00ebr Trajtimin e Uj\u00ebrave t\u00eb Zeza n\u00eb Podujev\u00eb\u201d,<\/p>\n<p>11. Formimi i Komisionit Ad-Hoc p\u00ebr p\u00ebrzgjedhjen e kandidat\u00ebve p\u00ebr nj\u00eb (1) an\u00ebtar t\u00eb Komisionit t\u00eb Pavarura t\u00eb Mediave,<\/p>\n<p>12. Formimi i Komisionit Ad-Hoc p\u00ebr p\u00ebrzgjedhjen e kandidat\u00ebve p\u00ebr tre (3) an\u00ebtar\u00eb nga radh\u00ebt e komunitetit shqiptar dhe p\u00ebr dy (2) an\u00ebtar\u00eb jo shumic\u00eb n\u00eb Komisionin e Pavarura t\u00eb Mediave,<\/p>\n<p>13. Formimi i Komisionit Ad-Hoc p\u00ebr p\u00ebrzgjedhjen e kandidat\u00ebve p\u00ebr gjasht\u00eb (6) an\u00ebtar\u00eb nga komuniteti shqiptar, nj\u00eb (1) an\u00ebtar nga komuniteti serb dhe nj\u00eb (1) antar nga komunitetet jo shumic\u00eb n\u00eb Bordin e Radiotelevizionit t\u00eb Kosov\u00ebs,<\/p>\n<p>14. Propozimi i GP t\u00eb List\u00ebs Serbe p\u00ebr em\u00ebrimin e deputetit Branislav Nikoliq n\u00eb komisione parlamentare,<\/p>\n<p>15. Shqyrtimi i Buxhetit t\u00eb Komun\u00ebs s\u00eb Zubin Potokut p\u00ebr vitin 2026,<\/p>\n<p>16. Formimi i Komisionit Ad-hoc p\u00ebr hartimin e \u201cProjektligjit p\u00ebr parandalim t\u00eb vet\u00ebvrasjes\u201d.<\/p>\n<p>Vendi: Salla e seancave<\/p>\n<p>Koha: 10:00<\/p>\n","protected":false},"excerpt":{"rendered":"<p>Kuvendi i Kosov\u00ebs mblidhet sot n\u00eb or\u00ebn 10:00. N\u00eb k\u00ebt\u00eb seanc\u00eb do t\u00eb jen\u00eb n\u00eb rend dite nj\u00eb varg \u00e7\u00ebshtjesh, nd\u00ebr t\u00eb cilat edhe projektligje q\u00eb kan\u00eb t\u00eb b\u00ebjn\u00eb me marr\u00ebveshje nd\u00ebrkomb\u00ebrtare. N\u00eb k\u00ebt\u00eb kuad\u00ebr, jan\u00eb shqyrtimi i Projektligjit p\u00ebr ratifikimin e amendamentit nr.3 t\u00eb Marr\u00ebveshjes financiare nd\u00ebrmjet Republik\u00ebs s\u00eb Kosov\u00ebs dhe Bashkimit Evropian p\u00ebr [&hellip;]<\/p>\n","protected":false},"author":1,"featured_media":230862,"comment_status":"closed","ping_status":"closed","sticky":false,"template":"","format":"standard","meta":{"footnotes":""},"categories":[5],"tags":[],"class_list":{"0":"post-230989","1":"post","2":"type-post","3":"status-publish","4":"format-standard","5":"has-post-thumbnail","7":"category-lajme"},"_links":{"self":[{"href":"https:\/\/radiostargjilan.com\/web\/wp-json\/wp\/v2\/posts\/230989","targetHints":{"allow":["GET"]}}],"collection":[{"href":"https:\/\/radiostargjilan.com\/web\/wp-json\/wp\/v2\/posts"}],"about":[{"href":"https:\/\/radiostargjilan.com\/web\/wp-json\/wp\/v2\/types\/post"}],"author":[{"embeddable":true,"href":"https:\/\/radiostargjilan.com\/web\/wp-json\/wp\/v2\/users\/1"}],"replies":[{"embeddable":true,"href":"https:\/\/radiostargjilan.com\/web\/wp-json\/wp\/v2\/comments?post=230989"}],"version-history":[{"count":1,"href":"https:\/\/radiostargjilan.com\/web\/wp-json\/wp\/v2\/posts\/230989\/revisions"}],"predecessor-version":[{"id":230991,"href":"https:\/\/radiostargjilan.com\/web\/wp-json\/wp\/v2\/posts\/230989\/revisions\/230991"}],"wp:featuredmedia":[{"embeddable":true,"href":"https:\/\/radiostargjilan.com\/web\/wp-json\/wp\/v2\/media\/230862"}],"wp:attachment":[{"href":"https:\/\/radiostargjilan.com\/web\/wp-json\/wp\/v2\/media?parent=230989"}],"wp:term":[{"taxonomy":"category","embeddable":true,"href":"https:\/\/radiostargjilan.com\/web\/wp-json\/wp\/v2\/categories?post=230989"},{"taxonomy":"post_tag","embeddable":true,"href":"https:\/\/radiostargjilan.com\/web\/wp-json\/wp\/v2\/tags?post=230989"}],"curies":[{"name":"wp","href":"https:\/\/api.w.org\/{rel}","templated":true}]}}