{"id":231093,"date":"2026-04-03T12:09:30","date_gmt":"2026-04-03T10:09:30","guid":{"rendered":"https:\/\/radiostargjilan.com\/web\/?p=231093"},"modified":"2026-04-03T12:09:30","modified_gmt":"2026-04-03T10:09:30","slug":"kurti-me-projektligjin-per-cmimet-tavan-do-te-parandalohen-fitimet-e-pajustifikuara-ne-kurriz-te-qytetareve","status":"publish","type":"post","link":"https:\/\/radiostargjilan.com\/web\/kurti-me-projektligjin-per-cmimet-tavan-do-te-parandalohen-fitimet-e-pajustifikuara-ne-kurriz-te-qytetareve\/","title":{"rendered":"Kurti: Me projektligjin p\u00ebr \u00e7mimet tavan do t\u00eb parandalohen fitimet e pajustifikuara n\u00eb kurriz t\u00eb qytetar\u00ebve"},"content":{"rendered":"<p>Do t\u00eb parandalohen fitimet e pajustifikuara n\u00eb kurriz t\u00eb qytetar\u00ebve, tha kryeministri Albin Kurti, duke prezantuar Projektligjin p\u00ebr masat e p\u00ebrkohshme t\u00eb produkteve themelore n\u00eb raste t\u00eb ve\u00e7anta t\u00eb destabilizimit n\u00eb treg.<\/p>\n<p>Kreu qeveritar, n\u00eb fjalimin e tij n\u00eb mbledhjen e qeveris\u00eb t\u00eb premten, e konsideroi t\u00eb domosdoshme hyrjen n\u00eb fuqi t\u00eb k\u00ebtij ligji p\u00ebr t\u00eb evituar keqp\u00ebrdorimet n\u00eb em\u00ebr t\u00eb krizave t\u00eb vazhdueshme dhe rritjen artificiale t\u00eb \u00e7mimit, n\u00eb raste t\u00eb krizave globale.<\/p>\n<p>\u201cJa ku jemi me kriza t\u00eb reja n\u00eb sfond global q\u00eb tash k\u00ebto kriza e prekin xhepin e qytetar\u00ebve tan\u00eb. Andaj po e risjellim k\u00ebt\u00eb projektligj q\u00eb vjen si p\u00ebrgjigje e domosdoshme ndaj nj\u00eb realiteti dhe p\u00ebrvoje q\u00eb qytetar\u00ebt tan\u00eb e kan\u00eb p\u00ebrjetuar. Rritje t\u00eb papritura t\u00eb \u00e7mimeve, paqart\u00ebsi n\u00eb treg dhe munges\u00eb e mekanizmave efektiv\u00eb p\u00ebr mbrojtje dhe ruajtje. Me k\u00ebt\u00eb ligj ne nuk po hyjm\u00eb n\u00eb tregun e lir\u00eb, por p\u00ebrkundrazi po e mbrojm\u00eb lirin\u00eb e tregut nga abuzimi. Ky projektligj vendos nj\u00eb balanc\u00eb t\u00eb domosdoshme nd\u00ebrmjet funksionimit t\u00eb lir\u00eb t\u00eb tregut dhe p\u00ebrgjegj\u00ebsis\u00eb s\u00eb shtetit p\u00ebr t\u00eb mbrojtur interesin publik n\u00eb situata t\u00eb jasht\u00ebzakonshme. Ai krijon instrumente t\u00eb qarta p\u00ebr nd\u00ebrhyrje t\u00eb p\u00ebrkohshme t\u00eb bazuar n\u00eb fakte, duke shmangur deformimet afatgjata t\u00eb tregut. Ky ligj garanton furnizimin dhe \u00e7mime t\u00eb p\u00ebrballueshme p\u00ebr produktet baz\u00eb n\u00eb koh\u00eb krize. Parandalon spekulimet dhe fitimet e pajustifikuara n\u00eb kurriz t\u00eb qytetar\u00ebve. M\u00eb tej siguron reagim t\u00eb shpejt\u00eb institucional kur tregu destabilizohet. P\u00ebr her\u00eb t\u00eb par\u00eb krijojm\u00eb mekanizmin e pavarur, bordin q\u00eb vendos mbi baz\u00ebn e t\u00eb dh\u00ebnave dhe interesit publik dhe kurrsesi mbi interesa t\u00eb ngushta. Shtetet e BE-s\u00eb kan\u00eb mekanizma t\u00eb till\u00eb\u201d, tha ai.<\/p>\n<p>Kurti shtoi se q\u00eb prej ardhjes n\u00eb pushtet n\u00eb vitin 2020 e m\u00eb pas n\u00eb vitin 2021 jan\u00eb p\u00ebrballur me kriza globale q\u00eb kan\u00eb afektuar edhe qytetar\u00ebt e Kosov\u00ebs.<\/p>\n<p>\u201cJemi p\u00ebrballur me sfida t\u00eb m\u00ebdha globale. Sfida k\u00ebto q\u00eb kan\u00eb vendosur n\u00eb situata t\u00eb r\u00ebnda edhe vende t\u00eb zhvilluara. Por ajo q\u00eb mund t\u00eb them me bindjen e plot\u00eb \u00ebsht\u00eb se secil\u00ebs prej k\u00ebtyre sfidave iu kemi p\u00ebrgjigjur p\u00ebr s\u00eb mbari, me seriozitet dhe sinqeritet. Kemi ndihmuar secil\u00ebn kategori shoq\u00ebrore, natyrisht ata q\u00eb kan\u00eb m\u00eb s\u00eb shumti nevoj\u00eb\u201d, shtoi Kurti.<\/p>\n<p>Krahas k\u00ebsaj, Kurti tha se n\u00eb mbledhjen e sotme do t\u00eb miratohet edhe Projektligji p\u00ebr sigurimin e detyruesh\u00ebm sh\u00ebndet\u00ebsor.<\/p>\n<p>\u201cSynojm\u00eb q\u00eb njer\u00ebzit n\u00eb nevoj\u00eb t\u00eb ken\u00eb mbrojtje m\u00eb t\u00eb mir\u00eb sociale, duke ndikuar n\u00eb uljen e varf\u00ebris\u00eb dhe t\u00eb pabarazive. Ky projektligj krijon nj\u00eb mekaniz\u00ebm t\u00eb drejt\u00eb solidariteti shoq\u00ebror ku secili kontribuon sipas mund\u00ebsis\u00eb dhe p\u00ebrfiton sipas nevoj\u00ebs, duke e b\u00ebr\u00eb sistemin m\u00eb gjith\u00ebp\u00ebrfshir\u00ebs dhe m\u00eb t\u00eb drejt\u00eb\u201d, theksoi Kurti.<\/p>\n","protected":false},"excerpt":{"rendered":"<p>Do t\u00eb parandalohen fitimet e pajustifikuara n\u00eb kurriz t\u00eb qytetar\u00ebve, tha kryeministri Albin Kurti, duke prezantuar Projektligjin p\u00ebr masat e p\u00ebrkohshme t\u00eb produkteve themelore n\u00eb raste t\u00eb ve\u00e7anta t\u00eb destabilizimit n\u00eb treg. Kreu qeveritar, n\u00eb fjalimin e tij n\u00eb mbledhjen e qeveris\u00eb t\u00eb premten, e konsideroi t\u00eb domosdoshme hyrjen n\u00eb fuqi t\u00eb k\u00ebtij ligji p\u00ebr [&hellip;]<\/p>\n","protected":false},"author":1,"featured_media":230816,"comment_status":"closed","ping_status":"closed","sticky":false,"template":"","format":"standard","meta":{"footnotes":""},"categories":[5],"tags":[],"class_list":{"0":"post-231093","1":"post","2":"type-post","3":"status-publish","4":"format-standard","5":"has-post-thumbnail","7":"category-lajme"},"_links":{"self":[{"href":"https:\/\/radiostargjilan.com\/web\/wp-json\/wp\/v2\/posts\/231093","targetHints":{"allow":["GET"]}}],"collection":[{"href":"https:\/\/radiostargjilan.com\/web\/wp-json\/wp\/v2\/posts"}],"about":[{"href":"https:\/\/radiostargjilan.com\/web\/wp-json\/wp\/v2\/types\/post"}],"author":[{"embeddable":true,"href":"https:\/\/radiostargjilan.com\/web\/wp-json\/wp\/v2\/users\/1"}],"replies":[{"embeddable":true,"href":"https:\/\/radiostargjilan.com\/web\/wp-json\/wp\/v2\/comments?post=231093"}],"version-history":[{"count":1,"href":"https:\/\/radiostargjilan.com\/web\/wp-json\/wp\/v2\/posts\/231093\/revisions"}],"predecessor-version":[{"id":231094,"href":"https:\/\/radiostargjilan.com\/web\/wp-json\/wp\/v2\/posts\/231093\/revisions\/231094"}],"wp:featuredmedia":[{"embeddable":true,"href":"https:\/\/radiostargjilan.com\/web\/wp-json\/wp\/v2\/media\/230816"}],"wp:attachment":[{"href":"https:\/\/radiostargjilan.com\/web\/wp-json\/wp\/v2\/media?parent=231093"}],"wp:term":[{"taxonomy":"category","embeddable":true,"href":"https:\/\/radiostargjilan.com\/web\/wp-json\/wp\/v2\/categories?post=231093"},{"taxonomy":"post_tag","embeddable":true,"href":"https:\/\/radiostargjilan.com\/web\/wp-json\/wp\/v2\/tags?post=231093"}],"curies":[{"name":"wp","href":"https:\/\/api.w.org\/{rel}","templated":true}]}}