{"id":231102,"date":"2026-04-03T14:44:20","date_gmt":"2026-04-03T12:44:20","guid":{"rendered":"https:\/\/radiostargjilan.com\/web\/?p=231102"},"modified":"2026-04-03T14:44:20","modified_gmt":"2026-04-03T12:44:20","slug":"hoti-kjo-krize-do-te-rezultoje-me-cmime-me-te-larta-te-naftes-dje-e-pardje-u-rrit-per-14","status":"publish","type":"post","link":"https:\/\/radiostargjilan.com\/web\/hoti-kjo-krize-do-te-rezultoje-me-cmime-me-te-larta-te-naftes-dje-e-pardje-u-rrit-per-14\/","title":{"rendered":"Hoti: Kjo kriz\u00eb do t\u00eb rezultoj\u00eb me \u00e7mime m\u00eb t\u00eb larta t\u00eb naft\u00ebs, dje e pardje u rrit p\u00ebr 14%"},"content":{"rendered":"<p>Deputeti i Lidhjes Demokratike t\u00eb Kosov\u00ebs, Avdullah Hoti, n\u00eb seanc\u00ebn e Kuvendit t\u00eb Kosov\u00ebs, e thirrur sot p\u00ebr t\u00eb diskutuar mbi \u00e7\u00ebshtjen e \u00e7mimit t\u00eb derivateve, ka paralajm\u00ebruar se nga analizat deri m\u00eb tani, del se kjo kriz\u00eb do t\u00eb rezultoj\u00eb me \u00e7mime m\u00eb t\u00eb larta.<\/p>\n<p>Pasojat do t\u00eb shihen m\u00eb tutje, prandaj Hoti b\u00ebri thirrje q\u00eb rezoluta e propozuar nga kjo parti p\u00ebr uljen e \u00e7mimit t\u00eb naft\u00ebs, t\u00eb votohet.<\/p>\n<p>\u201cPa asnj\u00eb dyshim, presim dhe jan\u00eb analizat e bazuara, q\u00eb kjo kriz\u00eb do t\u00eb rezultoj\u00eb me \u00e7mime m\u00eb t\u00eb larta q\u00eb do stabilizohen n\u00eb nivele m\u00eb t\u00eb larta dhe normalisht me rritje ekonomike m\u00eb t\u00eb ul\u00ebt. Si rezultat t\u00eb gjitha ekonomit\u00eb po i b\u00ebjn\u00eb p\u00ebrgatitjet e duhura me masat m\u00eb emergjente qe duhet t\u00eb nd\u00ebrmerren n\u00eb situata t\u00eb tilla. Pasojat po i shohim gjer\u00ebsisht.\u201d<\/p>\n<p>Sipas Hotit, vet\u00ebm dje dhe pardje, \u00e7mimi \u00ebsht\u00eb rritur p\u00ebr 14%.<\/p>\n<p>\u201cMes dat\u00ebs 2 dhe 3 prill, \u00e7mimi i naft\u00ebs \u00ebsht\u00eb rrit\u00eb me 14%, \u00e7mimi i furnizimit n\u00eb burim, me 14%.\u201d<\/p>\n","protected":false},"excerpt":{"rendered":"<p>Deputeti i Lidhjes Demokratike t\u00eb Kosov\u00ebs, Avdullah Hoti, n\u00eb seanc\u00ebn e Kuvendit t\u00eb Kosov\u00ebs, e thirrur sot p\u00ebr t\u00eb diskutuar mbi \u00e7\u00ebshtjen e \u00e7mimit t\u00eb derivateve, ka paralajm\u00ebruar se nga analizat deri m\u00eb tani, del se kjo kriz\u00eb do t\u00eb rezultoj\u00eb me \u00e7mime m\u00eb t\u00eb larta. Pasojat do t\u00eb shihen m\u00eb tutje, prandaj Hoti b\u00ebri [&hellip;]<\/p>\n","protected":false},"author":1,"featured_media":231103,"comment_status":"closed","ping_status":"closed","sticky":false,"template":"","format":"standard","meta":{"footnotes":""},"categories":[5],"tags":[],"class_list":{"0":"post-231102","1":"post","2":"type-post","3":"status-publish","4":"format-standard","5":"has-post-thumbnail","7":"category-lajme"},"_links":{"self":[{"href":"https:\/\/radiostargjilan.com\/web\/wp-json\/wp\/v2\/posts\/231102","targetHints":{"allow":["GET"]}}],"collection":[{"href":"https:\/\/radiostargjilan.com\/web\/wp-json\/wp\/v2\/posts"}],"about":[{"href":"https:\/\/radiostargjilan.com\/web\/wp-json\/wp\/v2\/types\/post"}],"author":[{"embeddable":true,"href":"https:\/\/radiostargjilan.com\/web\/wp-json\/wp\/v2\/users\/1"}],"replies":[{"embeddable":true,"href":"https:\/\/radiostargjilan.com\/web\/wp-json\/wp\/v2\/comments?post=231102"}],"version-history":[{"count":1,"href":"https:\/\/radiostargjilan.com\/web\/wp-json\/wp\/v2\/posts\/231102\/revisions"}],"predecessor-version":[{"id":231104,"href":"https:\/\/radiostargjilan.com\/web\/wp-json\/wp\/v2\/posts\/231102\/revisions\/231104"}],"wp:featuredmedia":[{"embeddable":true,"href":"https:\/\/radiostargjilan.com\/web\/wp-json\/wp\/v2\/media\/231103"}],"wp:attachment":[{"href":"https:\/\/radiostargjilan.com\/web\/wp-json\/wp\/v2\/media?parent=231102"}],"wp:term":[{"taxonomy":"category","embeddable":true,"href":"https:\/\/radiostargjilan.com\/web\/wp-json\/wp\/v2\/categories?post=231102"},{"taxonomy":"post_tag","embeddable":true,"href":"https:\/\/radiostargjilan.com\/web\/wp-json\/wp\/v2\/tags?post=231102"}],"curies":[{"name":"wp","href":"https:\/\/api.w.org\/{rel}","templated":true}]}}