{"id":232319,"date":"2026-04-22T11:00:20","date_gmt":"2026-04-22T09:00:20","guid":{"rendered":"https:\/\/radiostargjilan.com\/web\/?p=232319"},"modified":"2026-04-22T11:00:48","modified_gmt":"2026-04-22T09:00:48","slug":"kamenica-nenshkruan-marreveshje-per-avancimin-e-kodimit-ne-shkollat-e-komunes","status":"publish","type":"post","link":"https:\/\/radiostargjilan.com\/web\/kamenica-nenshkruan-marreveshje-per-avancimin-e-kodimit-ne-shkollat-e-komunes\/","title":{"rendered":"Kamenica n\u00ebnshkruan marr\u00ebveshje p\u00ebr avancimin e kodimit n\u00eb shkollat e komun\u00ebs"},"content":{"rendered":"<p>Drejtori i Arsimit, Selami Klaiqi, ka n\u00ebnshkruar marr\u00ebveshje bashk\u00ebpunimi me SHPIK-un, e cila mund\u00ebson trajnimin e t\u00eb gjith\u00eb m\u00ebsuesve t\u00eb klasave t\u00eb para p\u00ebr p\u00ebrdorimin e platform\u00ebs Code.org. Kjo marr\u00ebveshje synon avancimin e aft\u00ebsive teknologjike te nx\u00ebn\u00ebsit dhe integrimin e qasjeve inovative n\u00eb procesin m\u00ebsimor n\u00eb shkollat e komun\u00ebs.<\/p>\n<p>Me k\u00ebt\u00eb rast, drejtori Klaiqi ka b\u00ebr\u00eb t\u00eb ditur se duke filluar nga shtatori i vitit 2026, t\u00eb gjith\u00eb nx\u00ebn\u00ebsit e komun\u00ebs q\u00eb nga klasa e par\u00eb do t\u00eb ken\u00eb mund\u00ebsin\u00eb q\u00eb p\u00ebrmes kodimit t\u00eb zhvillojn\u00eb shkatht\u00ebsit\u00eb e tyre kreative, t\u00eb menduarit kritik dhe aft\u00ebsit\u00eb p\u00ebr zgjidhjen e problemeve.<\/p>\n<p>\u201cKy bashk\u00ebpunim do t\u00eb mund\u00ebsoj\u00eb implementimin e aktiviteteve t\u00eb kodimit, si dhe zhvillimin e sfid\u00ebs nd\u00ebrkomb\u00ebtare \u2018Bebras Computing Challenge\u2019, duke nxitur mendimin logjik, zgjidhjen e problemeve dhe rritjen e interesit p\u00ebr shkencat kompjuterike tek nx\u00ebn\u00ebsit\u201d, ka theksuar drejtori Klaiqi.<\/p>\n<p>Kjo nism\u00eb p\u00ebrb\u00ebn nj\u00eb hap t\u00eb r\u00ebnd\u00ebsish\u00ebm drejt modernizimit t\u00eb arsimit dhe p\u00ebrgatitjes s\u00eb gjeneratave t\u00eb reja p\u00ebr sfidat e epok\u00ebs digjitale.<\/p>\n","protected":false},"excerpt":{"rendered":"<p>Drejtori i Arsimit, Selami Klaiqi, ka n\u00ebnshkruar marr\u00ebveshje bashk\u00ebpunimi me SHPIK-un, e cila mund\u00ebson trajnimin e t\u00eb gjith\u00eb m\u00ebsuesve t\u00eb klasave t\u00eb para p\u00ebr p\u00ebrdorimin e platform\u00ebs Code.org. Kjo marr\u00ebveshje synon avancimin e aft\u00ebsive teknologjike te nx\u00ebn\u00ebsit dhe integrimin e qasjeve inovative n\u00eb procesin m\u00ebsimor n\u00eb shkollat e komun\u00ebs. Me k\u00ebt\u00eb rast, drejtori Klaiqi ka [&hellip;]<\/p>\n","protected":false},"author":1,"featured_media":232321,"comment_status":"closed","ping_status":"closed","sticky":false,"template":"","format":"standard","meta":{"footnotes":""},"categories":[5],"tags":[],"class_list":{"0":"post-232319","1":"post","2":"type-post","3":"status-publish","4":"format-standard","5":"has-post-thumbnail","7":"category-lajme"},"_links":{"self":[{"href":"https:\/\/radiostargjilan.com\/web\/wp-json\/wp\/v2\/posts\/232319","targetHints":{"allow":["GET"]}}],"collection":[{"href":"https:\/\/radiostargjilan.com\/web\/wp-json\/wp\/v2\/posts"}],"about":[{"href":"https:\/\/radiostargjilan.com\/web\/wp-json\/wp\/v2\/types\/post"}],"author":[{"embeddable":true,"href":"https:\/\/radiostargjilan.com\/web\/wp-json\/wp\/v2\/users\/1"}],"replies":[{"embeddable":true,"href":"https:\/\/radiostargjilan.com\/web\/wp-json\/wp\/v2\/comments?post=232319"}],"version-history":[{"count":1,"href":"https:\/\/radiostargjilan.com\/web\/wp-json\/wp\/v2\/posts\/232319\/revisions"}],"predecessor-version":[{"id":232322,"href":"https:\/\/radiostargjilan.com\/web\/wp-json\/wp\/v2\/posts\/232319\/revisions\/232322"}],"wp:featuredmedia":[{"embeddable":true,"href":"https:\/\/radiostargjilan.com\/web\/wp-json\/wp\/v2\/media\/232321"}],"wp:attachment":[{"href":"https:\/\/radiostargjilan.com\/web\/wp-json\/wp\/v2\/media?parent=232319"}],"wp:term":[{"taxonomy":"category","embeddable":true,"href":"https:\/\/radiostargjilan.com\/web\/wp-json\/wp\/v2\/categories?post=232319"},{"taxonomy":"post_tag","embeddable":true,"href":"https:\/\/radiostargjilan.com\/web\/wp-json\/wp\/v2\/tags?post=232319"}],"curies":[{"name":"wp","href":"https:\/\/api.w.org\/{rel}","templated":true}]}}