{"id":232325,"date":"2026-04-22T12:44:00","date_gmt":"2026-04-22T10:44:00","guid":{"rendered":"https:\/\/radiostargjilan.com\/web\/?p=232325"},"modified":"2026-04-22T12:44:00","modified_gmt":"2026-04-22T10:44:00","slug":"ldk-ja-nis-mobilizimin-per-zgjedhje-zhvillon-takim-online-me-mergaten","status":"publish","type":"post","link":"https:\/\/radiostargjilan.com\/web\/ldk-ja-nis-mobilizimin-per-zgjedhje-zhvillon-takim-online-me-mergaten\/","title":{"rendered":"LDK-ja nis mobilizimin p\u00ebr zgjedhje, zhvillon takim online me m\u00ebrgat\u00ebn"},"content":{"rendered":"<p>Kryetari i Lidhjes Demokratike t\u00eb Kosov\u00ebs, Lumir Abdixhiku, ka njoftuar se ka mbajtur nj\u00eb takim virtual me t\u00eb gjitha 88 n\u00ebndeg\u00ebt e k\u00ebsaj partie n\u00eb m\u00ebrgat\u00eb.<\/p>\n<p>P\u00ebrmes nj\u00eb postimi n\u00eb Facebook, ai thot\u00eb se i ka njoftuar p\u00ebr rrjedh\u00ebn e proceseve negociuese, t\u00eb cilat, sipas tij, fatkeq\u00ebsisht kan\u00eb d\u00ebshtuar, p\u00ebrkund\u00ebr vullnetit maksimal dhe k\u00ebrkesave minimale t\u00eb partis\u00eb.<\/p>\n<p>Nd\u00ebr t\u00eb tjera, Abdixhiku njofton se \u00ebsht\u00eb dakorduar p\u00ebr mobilizim t\u00eb plot\u00eb dhe nisjen e menj\u00ebhershme t\u00eb p\u00ebrgatitjeve p\u00ebr tubime e takime n\u00eb m\u00ebrgat\u00eb.<\/p>\n<p>Postimi:<\/p>\n<p>N\u00eb vijim t\u00eb zhvillimeve t\u00eb fundit, dhe n\u00eb p\u00ebrgatitje p\u00ebr hapat e ardhsh\u00ebm, mbajt\u00ebm nj\u00eb takim virtual me t\u00eb gjitha 88 n\u00ebndeg\u00ebt e LDK-s\u00eb n\u00eb m\u00ebrgat\u00eb.<\/p>\n<p>I njoftova p\u00ebr rrjedh\u00ebn e proceseve negociuese, t\u00eb cilat fatkeq\u00ebsisht d\u00ebshtuan, p\u00ebrkund\u00ebr vullnetit ton\u00eb maksimal dhe k\u00ebrkesave tona minimale \u2013 ve\u00e7 demokraci. Por ky d\u00ebshtim nuk \u00ebsht\u00eb fund; \u00ebsht\u00eb moment kthese. Dhe at\u00eb kthes\u00eb e madhe per Lidhjen.<\/p>\n<p>Fol\u00ebm hapur p\u00ebr momentin politik dhe p\u00ebr domosdoshm\u00ebrin\u00eb e bashkimit t\u00eb s\u00eb djatht\u00ebs brenda LDK-s\u00eb; si rruga e vetme p\u00ebr ta kthyer drejtimin e vendit dhe p\u00ebr t\u00eb nd\u00ebrtuar nj\u00eb alternativ\u00eb t\u00eb denj\u00eb p\u00ebr qytetar\u00ebt.<\/p>\n<p>U dakorduam p\u00ebr mobilizim t\u00eb plot\u00eb dhe nisjen e menj\u00ebhershme t\u00eb p\u00ebrgatitjeve p\u00ebr tubime e takime n\u00eb m\u00ebrgat\u00eb. M\u00ebrgata jon\u00eb nuk \u00ebsht\u00eb vet\u00ebm mb\u00ebshtetje; \u00ebsht\u00eb pjes\u00eb vendimtare e kthes\u00ebs q\u00eb po nd\u00ebrtojm\u00eb.<\/p>\n<p>Koha p\u00ebr pritje ka p\u00ebrfunduar.<\/p>\n<p>Koha p\u00ebr veprim ka nisur.<\/p>\n","protected":false},"excerpt":{"rendered":"<p>Kryetari i Lidhjes Demokratike t\u00eb Kosov\u00ebs, Lumir Abdixhiku, ka njoftuar se ka mbajtur nj\u00eb takim virtual me t\u00eb gjitha 88 n\u00ebndeg\u00ebt e k\u00ebsaj partie n\u00eb m\u00ebrgat\u00eb. P\u00ebrmes nj\u00eb postimi n\u00eb Facebook, ai thot\u00eb se i ka njoftuar p\u00ebr rrjedh\u00ebn e proceseve negociuese, t\u00eb cilat, sipas tij, fatkeq\u00ebsisht kan\u00eb d\u00ebshtuar, p\u00ebrkund\u00ebr vullnetit maksimal dhe k\u00ebrkesave minimale [&hellip;]<\/p>\n","protected":false},"author":1,"featured_media":232326,"comment_status":"closed","ping_status":"closed","sticky":false,"template":"","format":"standard","meta":{"footnotes":""},"categories":[5],"tags":[],"class_list":{"0":"post-232325","1":"post","2":"type-post","3":"status-publish","4":"format-standard","5":"has-post-thumbnail","7":"category-lajme"},"_links":{"self":[{"href":"https:\/\/radiostargjilan.com\/web\/wp-json\/wp\/v2\/posts\/232325","targetHints":{"allow":["GET"]}}],"collection":[{"href":"https:\/\/radiostargjilan.com\/web\/wp-json\/wp\/v2\/posts"}],"about":[{"href":"https:\/\/radiostargjilan.com\/web\/wp-json\/wp\/v2\/types\/post"}],"author":[{"embeddable":true,"href":"https:\/\/radiostargjilan.com\/web\/wp-json\/wp\/v2\/users\/1"}],"replies":[{"embeddable":true,"href":"https:\/\/radiostargjilan.com\/web\/wp-json\/wp\/v2\/comments?post=232325"}],"version-history":[{"count":1,"href":"https:\/\/radiostargjilan.com\/web\/wp-json\/wp\/v2\/posts\/232325\/revisions"}],"predecessor-version":[{"id":232327,"href":"https:\/\/radiostargjilan.com\/web\/wp-json\/wp\/v2\/posts\/232325\/revisions\/232327"}],"wp:featuredmedia":[{"embeddable":true,"href":"https:\/\/radiostargjilan.com\/web\/wp-json\/wp\/v2\/media\/232326"}],"wp:attachment":[{"href":"https:\/\/radiostargjilan.com\/web\/wp-json\/wp\/v2\/media?parent=232325"}],"wp:term":[{"taxonomy":"category","embeddable":true,"href":"https:\/\/radiostargjilan.com\/web\/wp-json\/wp\/v2\/categories?post=232325"},{"taxonomy":"post_tag","embeddable":true,"href":"https:\/\/radiostargjilan.com\/web\/wp-json\/wp\/v2\/tags?post=232325"}],"curies":[{"name":"wp","href":"https:\/\/api.w.org\/{rel}","templated":true}]}}