{"id":232372,"date":"2026-04-23T07:31:13","date_gmt":"2026-04-23T05:31:13","guid":{"rendered":"https:\/\/radiostargjilan.com\/web\/?p=232372"},"modified":"2026-04-23T07:31:13","modified_gmt":"2026-04-23T05:31:13","slug":"mjalta-i-qeteson-edhe-ulcerat-ne-goje","status":"publish","type":"post","link":"https:\/\/radiostargjilan.com\/web\/mjalta-i-qeteson-edhe-ulcerat-ne-goje\/","title":{"rendered":"Mjalta i qet\u00ebson edhe ul\u00e7erat n\u00eb goj\u00eb"},"content":{"rendered":"<p>Ul\u00e7erat (aftet) n\u00eb goj\u00eb mund t\u00eb shkaktojn\u00eb dhimbje t\u00eb padurueshme dhe mund ta v\u00ebshtir\u00ebsojn\u00eb t\u00eb folurit dhe ngr\u00ebnien.<\/p>\n<p>Studimi i ri, i publikuar n\u00eb \u201cQuintessence International\u201d zbulon se ekziston nj\u00eb m\u00ebnyr\u00eb krejt\u00ebsisht e thjesht\u00eb dhe efektive p\u00ebr t\u2019i sh\u00ebruar aftet, dhe madje pa p\u00ebrdorimin e kremit kortikosteroid.<\/p>\n<p>N\u00eb studim ishin p\u00ebrfshir\u00eb 94 persona q\u00eb vuanin nga aftet. Shkenc\u00ebtar\u00ebt i kan\u00eb ndar\u00eb ata n\u00eb dy grupe. Nj\u00ebri grup i kishte trajtuar aftet me mjalt\u00eb nd\u00ebrsa grupi tjet\u00ebr me krem kortikosteroid.<\/p>\n<p>T\u00eb gjith\u00eb pjes\u00ebmarr\u00ebsit duhej t\u2019i lyenin aftet pas \u00e7do vakti p\u00ebr nj\u00eb periudh\u00eb prej 8 dit\u00ebsh ose n\u00eb nd\u00ebrkoh\u00eb t\u00eb ndalonin me lyerjen n\u00eb qoft\u00eb se aftet ishin sh\u00ebruar plot\u00ebsisht.<\/p>\n<p>Ata gjithashtu e plot\u00ebsuan nj\u00eb pyet\u00ebsor q\u00eb p\u00ebrfshinte pyetje n\u00eb lidhje me nivelin e dhimbjes dhe simptomat n\u00eb p\u00ebrgjith\u00ebsi.<\/p>\n<p>Rezultatet treguan se pjes\u00ebmarr\u00ebsit t\u00eb cil\u00ebt p\u00ebrdoren mjaltin kishin ndier simptoma t\u00eb reduktuara madje vet\u00ebm pas 3 deri n\u00eb 5 dit\u00eb.<\/p>\n<p>Ata gjithashtu konstatuan se inflamacioni \u00ebsht\u00eb zvog\u00ebluar shum\u00eb m\u00eb shpejt dhe se shumica e afteve filluan t\u00eb zvog\u00eblohen m\u00eb her\u00ebt se tek pjes\u00ebmarr\u00ebsit t\u00eb cil\u00ebt kishin p\u00ebrdorur kremra kortikosteroide.<\/p>\n<p>Hulumtimet e m\u00ebparshme kan\u00eb treguar se mjalti ka aktivitet antiinflamator dhe analgjetik, q\u00eb \u00ebsht\u00eb arsyeja se pse \u00ebsht\u00eb efektiv n\u00eb trajtimin e afteve, por edhe n\u00eb problemet e t\u00eb tjera t\u00eb l\u00ebkur\u00ebs si aknet, pu\u00e7rrat, g\u00ebrvishtjet, prerjet dhe kallot.<\/p>\n","protected":false},"excerpt":{"rendered":"<p>Ul\u00e7erat (aftet) n\u00eb goj\u00eb mund t\u00eb shkaktojn\u00eb dhimbje t\u00eb padurueshme dhe mund ta v\u00ebshtir\u00ebsojn\u00eb t\u00eb folurit dhe ngr\u00ebnien. Studimi i ri, i publikuar n\u00eb \u201cQuintessence International\u201d zbulon se ekziston nj\u00eb m\u00ebnyr\u00eb krejt\u00ebsisht e thjesht\u00eb dhe efektive p\u00ebr t\u2019i sh\u00ebruar aftet, dhe madje pa p\u00ebrdorimin e kremit kortikosteroid. N\u00eb studim ishin p\u00ebrfshir\u00eb 94 persona q\u00eb vuanin [&hellip;]<\/p>\n","protected":false},"author":1,"featured_media":232373,"comment_status":"closed","ping_status":"closed","sticky":false,"template":"","format":"standard","meta":{"footnotes":""},"categories":[3],"tags":[],"class_list":{"0":"post-232372","1":"post","2":"type-post","3":"status-publish","4":"format-standard","5":"has-post-thumbnail","7":"category-shendetesi"},"_links":{"self":[{"href":"https:\/\/radiostargjilan.com\/web\/wp-json\/wp\/v2\/posts\/232372","targetHints":{"allow":["GET"]}}],"collection":[{"href":"https:\/\/radiostargjilan.com\/web\/wp-json\/wp\/v2\/posts"}],"about":[{"href":"https:\/\/radiostargjilan.com\/web\/wp-json\/wp\/v2\/types\/post"}],"author":[{"embeddable":true,"href":"https:\/\/radiostargjilan.com\/web\/wp-json\/wp\/v2\/users\/1"}],"replies":[{"embeddable":true,"href":"https:\/\/radiostargjilan.com\/web\/wp-json\/wp\/v2\/comments?post=232372"}],"version-history":[{"count":1,"href":"https:\/\/radiostargjilan.com\/web\/wp-json\/wp\/v2\/posts\/232372\/revisions"}],"predecessor-version":[{"id":232374,"href":"https:\/\/radiostargjilan.com\/web\/wp-json\/wp\/v2\/posts\/232372\/revisions\/232374"}],"wp:featuredmedia":[{"embeddable":true,"href":"https:\/\/radiostargjilan.com\/web\/wp-json\/wp\/v2\/media\/232373"}],"wp:attachment":[{"href":"https:\/\/radiostargjilan.com\/web\/wp-json\/wp\/v2\/media?parent=232372"}],"wp:term":[{"taxonomy":"category","embeddable":true,"href":"https:\/\/radiostargjilan.com\/web\/wp-json\/wp\/v2\/categories?post=232372"},{"taxonomy":"post_tag","embeddable":true,"href":"https:\/\/radiostargjilan.com\/web\/wp-json\/wp\/v2\/tags?post=232372"}],"curies":[{"name":"wp","href":"https:\/\/api.w.org\/{rel}","templated":true}]}}