{"id":232388,"date":"2026-04-23T12:04:17","date_gmt":"2026-04-23T10:04:17","guid":{"rendered":"https:\/\/radiostargjilan.com\/web\/?p=232388"},"modified":"2026-04-23T12:04:17","modified_gmt":"2026-04-23T10:04:17","slug":"miratohet-ne-kuvend-projektligji-per-sigurime-shendetesore","status":"publish","type":"post","link":"https:\/\/radiostargjilan.com\/web\/miratohet-ne-kuvend-projektligji-per-sigurime-shendetesore\/","title":{"rendered":"Miratohet n\u00eb Kuvend Projektligji p\u00ebr sigurime sh\u00ebndet\u00ebsore"},"content":{"rendered":"<p>Kuvendi i Kosov\u00ebs ka miratuar n\u00eb lexim t\u00eb dyt\u00eb Projektligjin p\u00ebr sigurime sh\u00ebndet\u00ebsore.<\/p>\n<p>Pro k\u00ebtij projektligji kan\u00eb votuar 80 deputet\u00eb nga pozita dhe opozita, derisa nuk ka pasur vota kund\u00ebr ose abstenime, transmeton Zeri.info.<\/p>\n<p>Kujtojm\u00eb se n\u00eb seanc\u00ebn e sotme, e cila po vazhdon, \u00ebsht\u00eb miratuar edhe Projektligji p\u00ebr \u00e7mimet tavan. \/Z\u00ebri<\/p>\n","protected":false},"excerpt":{"rendered":"<p>Kuvendi i Kosov\u00ebs ka miratuar n\u00eb lexim t\u00eb dyt\u00eb Projektligjin p\u00ebr sigurime sh\u00ebndet\u00ebsore. Pro k\u00ebtij projektligji kan\u00eb votuar 80 deputet\u00eb nga pozita dhe opozita, derisa nuk ka pasur vota kund\u00ebr ose abstenime, transmeton Zeri.info. Kujtojm\u00eb se n\u00eb seanc\u00ebn e sotme, e cila po vazhdon, \u00ebsht\u00eb miratuar edhe Projektligji p\u00ebr \u00e7mimet tavan. \/Z\u00ebri<\/p>\n","protected":false},"author":1,"featured_media":232389,"comment_status":"closed","ping_status":"closed","sticky":false,"template":"","format":"standard","meta":{"footnotes":""},"categories":[5],"tags":[],"class_list":{"0":"post-232388","1":"post","2":"type-post","3":"status-publish","4":"format-standard","5":"has-post-thumbnail","7":"category-lajme"},"_links":{"self":[{"href":"https:\/\/radiostargjilan.com\/web\/wp-json\/wp\/v2\/posts\/232388","targetHints":{"allow":["GET"]}}],"collection":[{"href":"https:\/\/radiostargjilan.com\/web\/wp-json\/wp\/v2\/posts"}],"about":[{"href":"https:\/\/radiostargjilan.com\/web\/wp-json\/wp\/v2\/types\/post"}],"author":[{"embeddable":true,"href":"https:\/\/radiostargjilan.com\/web\/wp-json\/wp\/v2\/users\/1"}],"replies":[{"embeddable":true,"href":"https:\/\/radiostargjilan.com\/web\/wp-json\/wp\/v2\/comments?post=232388"}],"version-history":[{"count":1,"href":"https:\/\/radiostargjilan.com\/web\/wp-json\/wp\/v2\/posts\/232388\/revisions"}],"predecessor-version":[{"id":232390,"href":"https:\/\/radiostargjilan.com\/web\/wp-json\/wp\/v2\/posts\/232388\/revisions\/232390"}],"wp:featuredmedia":[{"embeddable":true,"href":"https:\/\/radiostargjilan.com\/web\/wp-json\/wp\/v2\/media\/232389"}],"wp:attachment":[{"href":"https:\/\/radiostargjilan.com\/web\/wp-json\/wp\/v2\/media?parent=232388"}],"wp:term":[{"taxonomy":"category","embeddable":true,"href":"https:\/\/radiostargjilan.com\/web\/wp-json\/wp\/v2\/categories?post=232388"},{"taxonomy":"post_tag","embeddable":true,"href":"https:\/\/radiostargjilan.com\/web\/wp-json\/wp\/v2\/tags?post=232388"}],"curies":[{"name":"wp","href":"https:\/\/api.w.org\/{rel}","templated":true}]}}