{"id":232391,"date":"2026-04-23T12:12:59","date_gmt":"2026-04-23T10:12:59","guid":{"rendered":"https:\/\/radiostargjilan.com\/web\/?p=232391"},"modified":"2026-04-23T12:12:59","modified_gmt":"2026-04-23T10:12:59","slug":"pese-dite-afat-vv-ende-ne-pritje-te-konsensusit-rreth-presidentit-opozita-e-le-fajtor-kurtin","status":"publish","type":"post","link":"https:\/\/radiostargjilan.com\/web\/pese-dite-afat-vv-ende-ne-pritje-te-konsensusit-rreth-presidentit-opozita-e-le-fajtor-kurtin\/","title":{"rendered":"Pes\u00eb dit\u00eb afat \u2013 VV ende n\u00eb pritje t\u00eb konsensusit rreth presidentit, opozita e l\u00eb fajtor Kurtin"},"content":{"rendered":"<p>Kur kan\u00eb mbetur edhe pak dit\u00eb deri te kalimi i afatit kushtetues, nga L\u00ebvizja Vet\u00ebvendosje vazhdojn\u00eb t\u00eb shprehen se ende jan\u00eb duke pritur konsensus nga partit\u00eb politike p\u00ebr zgjidhjen e presidentit.<\/p>\n<p>Ushtruesja e detyr\u00ebs s\u00eb presidentes, Albulena Haxhiu e ka cil\u00ebsuar si gabim q\u00eb nj\u00eb jav\u00eb para p\u00ebrmbylljes s\u00eb afatit p\u00ebr presidentit t\u00eb dilet me p\u00ebrfundimin se kjo \u00e7\u00ebshtje \u00ebsht\u00eb e mbyllur.<\/p>\n<p>Sipas saj, vendit nuk i duhet zgjedhjet e jasht\u00ebzakonshme, duke th\u00ebn\u00eb se situata aktuale po ngjason me at\u00eb t\u00eb vitit t\u00eb kaluar kur nuk kishte vullnet p\u00ebr t\u00eb dal\u00eb nga bllokada e krijuar.<\/p>\n<p>\u201cPal\u00ebt t\u00eb reflektojn\u00eb, t\u00eb kihet parasysh mesazhi q\u00eb kan\u00eb dh\u00ebn\u00eb qytetar\u00ebt n\u00eb zgjedhjet e dhjetorit dhe kushdo q\u00eb mendon se mund t\u00eb ndryshoj\u00eb di\u00e7ka nga rezultati i dhjetorit e ka gabim\u201d, ka deklaruar Haxhiu.<\/p>\n<p>Ajo ka th\u00ebn\u00eb se opozita nuk ka dh\u00ebn\u00eb ende ndonj\u00eb em\u00ebr p\u00ebr president dhe ka ritheksuar gatishm\u00ebrin\u00eb p\u00ebr t\u00ebr\u00ebheqje nga pozita e kryeparlamentares.<\/p>\n<p>\u201cUn\u00eb ende sot nuk e di emrin e opozit\u00ebs p\u00ebr president, nuk kam d\u00ebgjuar publikisht q\u00eb dy subjektet kan\u00eb dh\u00ebn\u00eb ndonj\u00eb em\u00ebr. Ta b\u00ebjn\u00eb k\u00ebt\u00eb, t\u2019i propozojn\u00eb emrat dhe pastaj i trajtojm\u00eb. Me munges\u00ebn e vullnetit n\u00eb takime dhe nj\u00eb emri konsensual po e d\u00ebmtojn\u00eb Kosov\u00ebn. N\u00ebse kan\u00eb vendosur k\u00ebshtu ne s\u2019kemi \u00e7far\u00eb u b\u00ebjm\u00eb. Kur i kam d\u00ebgjuar se nj\u00eb subjekt nuk b\u00ebn tri pozita t\u00eb larta, kam th\u00ebn\u00eb se n\u00ebse pozita e kryeparlamentarit e shp\u00ebton vendin nga zgjedhjet, at\u00ebher\u00eb le ta votojm\u00eb presidentin dhe un\u00eb dor\u00ebhiqem. Nuk kam par\u00eb reflektim\u201d, ka theksuar Haxhiu.<\/p>\n<p>Por, nga partit\u00eb opozitare edhe sot jan\u00eb deklaruar rreth k\u00ebsaj \u00e7\u00ebshtje, duke e b\u00ebr\u00eb p\u00ebrgjegj\u00ebse L\u00ebvizjen Vet\u00ebvendosje dhe kryeminitrin Kurti p\u00ebr kriz\u00ebn politike dhe mund\u00ebsin\u00eb e shkuarjes s\u00eb s\u00ebrishme n\u00eb zgjedhje t\u00eb jasht\u00ebzankoshme.<\/p>\n<p>Shefja e deputet\u00ebve t\u00eb LDK-s\u00eb, Jehona Lushaku Sadriu ka th\u00ebn\u00eb se pik\u00ebrisht partis\u00eb m\u00eb t\u00eb madhe i takon p\u00ebrgjegj\u00ebsia e ofrimit t\u00eb zgjidhjes, por sipas saj, Kurti me q\u00ebllim po prodhon kriza p\u00ebr t\u00eb qeverisur i pambik\u00ebqyrur.<\/p>\n<p>Kurse, edhe shefi i deputet\u00ebve t\u00eb AAK-s\u00eb, Besnik Tahiri ka th\u00ebn\u00eb se asnj\u00ebher\u00eb nuk ka pasur konsultim serioz p\u00ebr presidentin dhe se sipas tij, gjith\u00e7ka \u00ebsht\u00eb p\u00ebr konsum publik. \/Klankosova.tv<\/p>\n","protected":false},"excerpt":{"rendered":"<p>Kur kan\u00eb mbetur edhe pak dit\u00eb deri te kalimi i afatit kushtetues, nga L\u00ebvizja Vet\u00ebvendosje vazhdojn\u00eb t\u00eb shprehen se ende jan\u00eb duke pritur konsensus nga partit\u00eb politike p\u00ebr zgjidhjen e presidentit. Ushtruesja e detyr\u00ebs s\u00eb presidentes, Albulena Haxhiu e ka cil\u00ebsuar si gabim q\u00eb nj\u00eb jav\u00eb para p\u00ebrmbylljes s\u00eb afatit p\u00ebr presidentit t\u00eb dilet me [&hellip;]<\/p>\n","protected":false},"author":1,"featured_media":232392,"comment_status":"closed","ping_status":"closed","sticky":false,"template":"","format":"standard","meta":{"footnotes":""},"categories":[5],"tags":[],"class_list":{"0":"post-232391","1":"post","2":"type-post","3":"status-publish","4":"format-standard","5":"has-post-thumbnail","7":"category-lajme"},"_links":{"self":[{"href":"https:\/\/radiostargjilan.com\/web\/wp-json\/wp\/v2\/posts\/232391","targetHints":{"allow":["GET"]}}],"collection":[{"href":"https:\/\/radiostargjilan.com\/web\/wp-json\/wp\/v2\/posts"}],"about":[{"href":"https:\/\/radiostargjilan.com\/web\/wp-json\/wp\/v2\/types\/post"}],"author":[{"embeddable":true,"href":"https:\/\/radiostargjilan.com\/web\/wp-json\/wp\/v2\/users\/1"}],"replies":[{"embeddable":true,"href":"https:\/\/radiostargjilan.com\/web\/wp-json\/wp\/v2\/comments?post=232391"}],"version-history":[{"count":1,"href":"https:\/\/radiostargjilan.com\/web\/wp-json\/wp\/v2\/posts\/232391\/revisions"}],"predecessor-version":[{"id":232393,"href":"https:\/\/radiostargjilan.com\/web\/wp-json\/wp\/v2\/posts\/232391\/revisions\/232393"}],"wp:featuredmedia":[{"embeddable":true,"href":"https:\/\/radiostargjilan.com\/web\/wp-json\/wp\/v2\/media\/232392"}],"wp:attachment":[{"href":"https:\/\/radiostargjilan.com\/web\/wp-json\/wp\/v2\/media?parent=232391"}],"wp:term":[{"taxonomy":"category","embeddable":true,"href":"https:\/\/radiostargjilan.com\/web\/wp-json\/wp\/v2\/categories?post=232391"},{"taxonomy":"post_tag","embeddable":true,"href":"https:\/\/radiostargjilan.com\/web\/wp-json\/wp\/v2\/tags?post=232391"}],"curies":[{"name":"wp","href":"https:\/\/api.w.org\/{rel}","templated":true}]}}