{"id":232394,"date":"2026-04-23T12:49:13","date_gmt":"2026-04-23T10:49:13","guid":{"rendered":"https:\/\/radiostargjilan.com\/web\/?p=232394"},"modified":"2026-04-23T12:49:13","modified_gmt":"2026-04-23T10:49:13","slug":"ndahet-nga-jeta-shkrimtari-rexhep-qosja-varrimi-u-mbajt-ne-rreth-te-ngushte-familjar","status":"publish","type":"post","link":"https:\/\/radiostargjilan.com\/web\/ndahet-nga-jeta-shkrimtari-rexhep-qosja-varrimi-u-mbajt-ne-rreth-te-ngushte-familjar\/","title":{"rendered":"Ndahet nga jeta shkrimtari, Rexhep Qosja \u2013 varrimi u mbajt n\u00eb rreth t\u00eb ngusht\u00eb familjar"},"content":{"rendered":"<p>Sot, m\u00eb 23 prill 2026, \u00ebsht\u00eb ndar\u00eb nga jeta shkrimtari dhe akademiku i njohur Rexhep Qosja.<\/p>\n<p>Sipas njoftimit t\u00eb nipit t\u00eb tij, Vlajet Rexhepi, ceremonia e varrimit \u00ebsht\u00eb zhvilluar n\u00eb pranin\u00eb e an\u00ebtar\u00ebve t\u00eb ngusht\u00eb t\u00eb familjes, n\u00eb p\u00ebrputhje me d\u00ebshir\u00ebn e t\u00eb ndjerit.<\/p>\n<p>Familja ka b\u00ebr\u00eb t\u00eb ditur gjithashtu se, me vullnetin e Qoses, nuk do t\u00eb organizohet ceremoni pritjeje dhe nuk do t\u00eb ket\u00eb pjes\u00ebmarrje n\u00eb organizime institucionale.<\/p>\n<p>\u201cNjoftojm\u00eb se sot, m\u00eb dat\u00eb 23.4.2026 \u00ebsht\u00eb ndar\u00eb nga jeta dhe \u00ebsht\u00eb varrosur Rexhep Qosja. Varrimi u zhvillua n\u00eb pranin\u00eb e an\u00ebtar\u00ebve t\u00eb ngusht\u00eb t\u00eb familjes. Me d\u00ebshir\u00eb t\u00eb t\u00eb ndjerit, nuk do t\u00eb organizohet ceremoni pritjeje nga familja. Familja nuk do t\u00eb marr\u00eb pjes\u00eb n\u00eb organizime institucionale. Lusim q\u00eb privat\u00ebsia jon\u00eb t\u00eb respektohet dhe t\u00eb na mund\u00ebsohet t\u00eb mbajm\u00eb zi n\u00eb qet\u00ebsi\u201d, ka shkruar nipi i tij.\/Njeshi\/<\/p>\n","protected":false},"excerpt":{"rendered":"<p>Sot, m\u00eb 23 prill 2026, \u00ebsht\u00eb ndar\u00eb nga jeta shkrimtari dhe akademiku i njohur Rexhep Qosja. Sipas njoftimit t\u00eb nipit t\u00eb tij, Vlajet Rexhepi, ceremonia e varrimit \u00ebsht\u00eb zhvilluar n\u00eb pranin\u00eb e an\u00ebtar\u00ebve t\u00eb ngusht\u00eb t\u00eb familjes, n\u00eb p\u00ebrputhje me d\u00ebshir\u00ebn e t\u00eb ndjerit. Familja ka b\u00ebr\u00eb t\u00eb ditur gjithashtu se, me vullnetin e Qoses, [&hellip;]<\/p>\n","protected":false},"author":1,"featured_media":232395,"comment_status":"closed","ping_status":"closed","sticky":false,"template":"","format":"standard","meta":{"footnotes":""},"categories":[5],"tags":[],"class_list":{"0":"post-232394","1":"post","2":"type-post","3":"status-publish","4":"format-standard","5":"has-post-thumbnail","7":"category-lajme"},"_links":{"self":[{"href":"https:\/\/radiostargjilan.com\/web\/wp-json\/wp\/v2\/posts\/232394","targetHints":{"allow":["GET"]}}],"collection":[{"href":"https:\/\/radiostargjilan.com\/web\/wp-json\/wp\/v2\/posts"}],"about":[{"href":"https:\/\/radiostargjilan.com\/web\/wp-json\/wp\/v2\/types\/post"}],"author":[{"embeddable":true,"href":"https:\/\/radiostargjilan.com\/web\/wp-json\/wp\/v2\/users\/1"}],"replies":[{"embeddable":true,"href":"https:\/\/radiostargjilan.com\/web\/wp-json\/wp\/v2\/comments?post=232394"}],"version-history":[{"count":1,"href":"https:\/\/radiostargjilan.com\/web\/wp-json\/wp\/v2\/posts\/232394\/revisions"}],"predecessor-version":[{"id":232396,"href":"https:\/\/radiostargjilan.com\/web\/wp-json\/wp\/v2\/posts\/232394\/revisions\/232396"}],"wp:featuredmedia":[{"embeddable":true,"href":"https:\/\/radiostargjilan.com\/web\/wp-json\/wp\/v2\/media\/232395"}],"wp:attachment":[{"href":"https:\/\/radiostargjilan.com\/web\/wp-json\/wp\/v2\/media?parent=232394"}],"wp:term":[{"taxonomy":"category","embeddable":true,"href":"https:\/\/radiostargjilan.com\/web\/wp-json\/wp\/v2\/categories?post=232394"},{"taxonomy":"post_tag","embeddable":true,"href":"https:\/\/radiostargjilan.com\/web\/wp-json\/wp\/v2\/tags?post=232394"}],"curies":[{"name":"wp","href":"https:\/\/api.w.org\/{rel}","templated":true}]}}