{"id":232397,"date":"2026-04-23T13:11:52","date_gmt":"2026-04-23T11:11:52","guid":{"rendered":"https:\/\/radiostargjilan.com\/web\/?p=232397"},"modified":"2026-04-23T13:11:52","modified_gmt":"2026-04-23T11:11:52","slug":"kuvendi-i-kosoves-mban-nje-minute-heshtje-ne-nderim-te-akademikut-rexhep-qosja","status":"publish","type":"post","link":"https:\/\/radiostargjilan.com\/web\/kuvendi-i-kosoves-mban-nje-minute-heshtje-ne-nderim-te-akademikut-rexhep-qosja\/","title":{"rendered":"Kuvendi i Kosov\u00ebs mban nj\u00eb minut\u00eb heshtje n\u00eb nderim t\u00eb akademikut Rexhep Qosja"},"content":{"rendered":"<p>N\u00eb Kuvendi i Kosov\u00ebs, gjat\u00eb seanc\u00ebs ku po shqyrtoheshin projektligje, \u00ebsht\u00eb mbajtur nj\u00eb minut\u00eb heshtje n\u00eb nderim t\u00eb akademikut Rexhep Qosja.<\/p>\n<p>Lajmin p\u00ebr k\u00ebt\u00eb e ka dh\u00ebn\u00eb kryetarja e Kuvendit t\u00eb Kosov\u00ebs, Albulena Haxhiu.<\/p>\n<p>Ajo ka th\u00ebn\u00eb se e kan\u00eb marr\u00eb nj\u00eb lajm t\u00eb hidhur p\u00ebr ndarjen nga jeta t\u00eb akademikut Rexhep Qosja nd\u00ebrsa ka k\u00ebrkuar nga deputet\u00ebt p\u00ebr nj\u00eb minut\u00eb heshtje.<\/p>\n<p> Nga seanca plenare, deputet\u00ebt kan\u00eb nderuar figur\u00ebn e tij me nj\u00eb minut\u00eb heshtje, n\u00eb shenj\u00eb respekti p\u00ebr kontributin e tij n\u00eb fush\u00ebn akademike dhe publicistike.<\/p>\n","protected":false},"excerpt":{"rendered":"<p>N\u00eb Kuvendi i Kosov\u00ebs, gjat\u00eb seanc\u00ebs ku po shqyrtoheshin projektligje, \u00ebsht\u00eb mbajtur nj\u00eb minut\u00eb heshtje n\u00eb nderim t\u00eb akademikut Rexhep Qosja. Lajmin p\u00ebr k\u00ebt\u00eb e ka dh\u00ebn\u00eb kryetarja e Kuvendit t\u00eb Kosov\u00ebs, Albulena Haxhiu. Ajo ka th\u00ebn\u00eb se e kan\u00eb marr\u00eb nj\u00eb lajm t\u00eb hidhur p\u00ebr ndarjen nga jeta t\u00eb akademikut Rexhep Qosja nd\u00ebrsa ka [&hellip;]<\/p>\n","protected":false},"author":1,"featured_media":232398,"comment_status":"closed","ping_status":"closed","sticky":false,"template":"","format":"standard","meta":{"footnotes":""},"categories":[5],"tags":[],"class_list":{"0":"post-232397","1":"post","2":"type-post","3":"status-publish","4":"format-standard","5":"has-post-thumbnail","7":"category-lajme"},"_links":{"self":[{"href":"https:\/\/radiostargjilan.com\/web\/wp-json\/wp\/v2\/posts\/232397","targetHints":{"allow":["GET"]}}],"collection":[{"href":"https:\/\/radiostargjilan.com\/web\/wp-json\/wp\/v2\/posts"}],"about":[{"href":"https:\/\/radiostargjilan.com\/web\/wp-json\/wp\/v2\/types\/post"}],"author":[{"embeddable":true,"href":"https:\/\/radiostargjilan.com\/web\/wp-json\/wp\/v2\/users\/1"}],"replies":[{"embeddable":true,"href":"https:\/\/radiostargjilan.com\/web\/wp-json\/wp\/v2\/comments?post=232397"}],"version-history":[{"count":1,"href":"https:\/\/radiostargjilan.com\/web\/wp-json\/wp\/v2\/posts\/232397\/revisions"}],"predecessor-version":[{"id":232399,"href":"https:\/\/radiostargjilan.com\/web\/wp-json\/wp\/v2\/posts\/232397\/revisions\/232399"}],"wp:featuredmedia":[{"embeddable":true,"href":"https:\/\/radiostargjilan.com\/web\/wp-json\/wp\/v2\/media\/232398"}],"wp:attachment":[{"href":"https:\/\/radiostargjilan.com\/web\/wp-json\/wp\/v2\/media?parent=232397"}],"wp:term":[{"taxonomy":"category","embeddable":true,"href":"https:\/\/radiostargjilan.com\/web\/wp-json\/wp\/v2\/categories?post=232397"},{"taxonomy":"post_tag","embeddable":true,"href":"https:\/\/radiostargjilan.com\/web\/wp-json\/wp\/v2\/tags?post=232397"}],"curies":[{"name":"wp","href":"https:\/\/api.w.org\/{rel}","templated":true}]}}