{"id":232400,"date":"2026-04-23T14:01:43","date_gmt":"2026-04-23T12:01:43","guid":{"rendered":"https:\/\/radiostargjilan.com\/web\/?p=232400"},"modified":"2026-04-23T14:01:43","modified_gmt":"2026-04-23T12:01:43","slug":"rama-per-vdekjen-e-akademikut-rexhep-qosja-lamtumire-shqiptar-i-mire","status":"publish","type":"post","link":"https:\/\/radiostargjilan.com\/web\/rama-per-vdekjen-e-akademikut-rexhep-qosja-lamtumire-shqiptar-i-mire\/","title":{"rendered":"Rama p\u00ebr vdekjen e akademikut Rexhep Qosja: Lamtumir\u00eb shqiptar i mir\u00eb"},"content":{"rendered":"<p>Kryeministri i Shqip\u00ebris\u00eb, Edi Rama, u ka shprehur ngush\u00ebllime familjes dhe t\u00eb af\u00ebrmve me rastin e vdekjes s\u00eb akademikut Rexhep Qosja.<\/p>\n<p>P\u00ebrmes nj\u00eb postimi n\u00eb Facebook, Rama i ka dh\u00ebn\u00eb lamtumir\u00ebn Qosjes, duke e cil\u00ebsuar at\u00eb \u201cshqiptar t\u00eb mir\u00eb\u201d.<\/p>\n<div class=\"jeg_ad jeg_ad_article jnews_content_inline_ads  \">\n<div class=\"ads-wrapper align-center \"><\/div>\n<\/div>\n<p>\u201cLAMTUMIR\u00cb SHQIPTAR I MIR\u00cb. Ngush\u00ebllime v\u00ebllaz\u00ebrore familjes, t\u00eb af\u00ebrmve e miqve t\u00eb Profesor Rexhep Qoses\u201d, ka shkruar Rama.<\/p>\n<p><iframe loading=\"lazy\" src=\"https:\/\/www.facebook.com\/plugins\/post.php?href=https%3A%2F%2Fwww.facebook.com%2Fediramaal%2Fposts%2Fpfbid0jZaPVqUfn7UVUVy6Go66uow9nNpFUgRWLPdGqp28iQRKpuTYJ5Hup5Lg7jzQdMN6l&amp;show_text=true&amp;width=500\" width=\"500\" height=\"634\" frameborder=\"0\" scrolling=\"no\" allowfullscreen=\"allowfullscreen\"><\/iframe><\/p>\n","protected":false},"excerpt":{"rendered":"<p>Kryeministri i Shqip\u00ebris\u00eb, Edi Rama, u ka shprehur ngush\u00ebllime familjes dhe t\u00eb af\u00ebrmve me rastin e vdekjes s\u00eb akademikut Rexhep Qosja. P\u00ebrmes nj\u00eb postimi n\u00eb Facebook, Rama i ka dh\u00ebn\u00eb lamtumir\u00ebn Qosjes, duke e cil\u00ebsuar at\u00eb \u201cshqiptar t\u00eb mir\u00eb\u201d. \u201cLAMTUMIR\u00cb SHQIPTAR I MIR\u00cb. Ngush\u00ebllime v\u00ebllaz\u00ebrore familjes, t\u00eb af\u00ebrmve e miqve t\u00eb Profesor Rexhep Qoses\u201d, ka [&hellip;]<\/p>\n","protected":false},"author":1,"featured_media":232401,"comment_status":"closed","ping_status":"closed","sticky":false,"template":"","format":"standard","meta":{"footnotes":""},"categories":[5],"tags":[],"class_list":{"0":"post-232400","1":"post","2":"type-post","3":"status-publish","4":"format-standard","5":"has-post-thumbnail","7":"category-lajme"},"_links":{"self":[{"href":"https:\/\/radiostargjilan.com\/web\/wp-json\/wp\/v2\/posts\/232400","targetHints":{"allow":["GET"]}}],"collection":[{"href":"https:\/\/radiostargjilan.com\/web\/wp-json\/wp\/v2\/posts"}],"about":[{"href":"https:\/\/radiostargjilan.com\/web\/wp-json\/wp\/v2\/types\/post"}],"author":[{"embeddable":true,"href":"https:\/\/radiostargjilan.com\/web\/wp-json\/wp\/v2\/users\/1"}],"replies":[{"embeddable":true,"href":"https:\/\/radiostargjilan.com\/web\/wp-json\/wp\/v2\/comments?post=232400"}],"version-history":[{"count":1,"href":"https:\/\/radiostargjilan.com\/web\/wp-json\/wp\/v2\/posts\/232400\/revisions"}],"predecessor-version":[{"id":232402,"href":"https:\/\/radiostargjilan.com\/web\/wp-json\/wp\/v2\/posts\/232400\/revisions\/232402"}],"wp:featuredmedia":[{"embeddable":true,"href":"https:\/\/radiostargjilan.com\/web\/wp-json\/wp\/v2\/media\/232401"}],"wp:attachment":[{"href":"https:\/\/radiostargjilan.com\/web\/wp-json\/wp\/v2\/media?parent=232400"}],"wp:term":[{"taxonomy":"category","embeddable":true,"href":"https:\/\/radiostargjilan.com\/web\/wp-json\/wp\/v2\/categories?post=232400"},{"taxonomy":"post_tag","embeddable":true,"href":"https:\/\/radiostargjilan.com\/web\/wp-json\/wp\/v2\/tags?post=232400"}],"curies":[{"name":"wp","href":"https:\/\/api.w.org\/{rel}","templated":true}]}}