{"id":232403,"date":"2026-04-23T14:56:11","date_gmt":"2026-04-23T12:56:11","guid":{"rendered":"https:\/\/radiostargjilan.com\/web\/?p=232403"},"modified":"2026-04-23T14:56:11","modified_gmt":"2026-04-23T12:56:11","slug":"konjufca-per-qosjen-na-la-edhe-kolosi-yne-i-fundit-intelektual","status":"publish","type":"post","link":"https:\/\/radiostargjilan.com\/web\/konjufca-per-qosjen-na-la-edhe-kolosi-yne-i-fundit-intelektual\/","title":{"rendered":"Konjufca p\u00ebr Qosjen: Na la edhe kolosi yn\u00eb i fundit intelektual"},"content":{"rendered":"<p>Ministri i Pun\u00ebve t\u00eb Jashtme, Glauk Konjufca, nj\u00ebher\u00ebsh z\u00ebvend\u00ebskryeminist\u00ebr i Kosov\u00ebs, \u00ebsht\u00eb shprehur i pik\u00eblluar p\u00ebr vdekjen e akademikut Rexhep Qosja.<\/p>\n<p>P\u00ebrmes nj\u00eb postimi n\u00eb Facebook, Konjufca tha se kolosi i fundit intelektual e la sot popullin kosovar<\/p>\n<p>\u201cP\u00ebr m\u00eb shum\u00eb se gjysm\u00eb shekulli Rexhep Qosja ishte z\u00ebri i artikuluar me konsistenc\u00eb i ndergjegjes son\u00eb komb\u00ebtare. Shkenc\u00ebtar, shkrimtar, akademik, profesor, veprimtar dhe kritik \u2013 kontributi i tij p\u00ebr studimin e let\u00ebrsis\u00eb shqipe si dhe pasurimi i saj me vepra letrare si autor do t\u00eb jetojn\u00eb gjithmon\u00eb.  Ai kurr\u00eb nuk u mjaftua vet\u00ebm me pun\u00ebn shkencore t\u00eb kabinetit. Gjat\u00eb viteve \u201980, n\u00eb at\u00eb koh\u00eb kur ne ishim \u201cpopull i ndaluar\u201d, profesor Qosja u shqua me guximin e tij t\u00eb pal\u00ebkundur p\u00ebr demaskimin e hapur t\u00eb shtypjes s\u00eb Serbis\u00eb mbi popullin shqiptar\u201d.<\/p>\n<p>\u201cKur erdhi koha e domosdoshm\u00ebris\u00eb s\u00eb luft\u00ebs s\u00eb armatosur kund\u00ebr okupimit Rexhep Qosja e kishte t\u00eb qart\u00eb: vet\u00ebm mb\u00ebshtetja e U\u00c7K-s\u00eb na rreshton n\u00eb an\u00ebn e duhur t\u00eb historis\u00eb. Progresiv me bindje, egalitar n\u00eb q\u00ebndrime, gjithnj\u00eb komb\u00ebtar n\u00eb veprime dhe humanist n\u00eb vlera \u2013 Rexhep Qosja ka z\u00ebn\u00eb vend si nj\u00eb nga figurat m\u00eb t\u00eb r\u00ebnd\u00ebsishme t\u00eb kombit ton\u00eb. I till\u00eb do t\u00eb kujtohet gjithnj\u00eb p\u00ebr vepr\u00ebn dhe veprimtarin\u00eb e tij e cila prej sot do te studiohet me p\u00ebrqendrim edhe m\u00eb t\u00eb madh. U preht\u00eb n\u00eb paqe!\u201d, ka shkruar ministri.<\/p>\n","protected":false},"excerpt":{"rendered":"<p>Ministri i Pun\u00ebve t\u00eb Jashtme, Glauk Konjufca, nj\u00ebher\u00ebsh z\u00ebvend\u00ebskryeminist\u00ebr i Kosov\u00ebs, \u00ebsht\u00eb shprehur i pik\u00eblluar p\u00ebr vdekjen e akademikut Rexhep Qosja. P\u00ebrmes nj\u00eb postimi n\u00eb Facebook, Konjufca tha se kolosi i fundit intelektual e la sot popullin kosovar \u201cP\u00ebr m\u00eb shum\u00eb se gjysm\u00eb shekulli Rexhep Qosja ishte z\u00ebri i artikuluar me konsistenc\u00eb i ndergjegjes son\u00eb [&hellip;]<\/p>\n","protected":false},"author":1,"featured_media":232404,"comment_status":"closed","ping_status":"closed","sticky":false,"template":"","format":"standard","meta":{"footnotes":""},"categories":[5],"tags":[],"class_list":{"0":"post-232403","1":"post","2":"type-post","3":"status-publish","4":"format-standard","5":"has-post-thumbnail","7":"category-lajme"},"_links":{"self":[{"href":"https:\/\/radiostargjilan.com\/web\/wp-json\/wp\/v2\/posts\/232403","targetHints":{"allow":["GET"]}}],"collection":[{"href":"https:\/\/radiostargjilan.com\/web\/wp-json\/wp\/v2\/posts"}],"about":[{"href":"https:\/\/radiostargjilan.com\/web\/wp-json\/wp\/v2\/types\/post"}],"author":[{"embeddable":true,"href":"https:\/\/radiostargjilan.com\/web\/wp-json\/wp\/v2\/users\/1"}],"replies":[{"embeddable":true,"href":"https:\/\/radiostargjilan.com\/web\/wp-json\/wp\/v2\/comments?post=232403"}],"version-history":[{"count":1,"href":"https:\/\/radiostargjilan.com\/web\/wp-json\/wp\/v2\/posts\/232403\/revisions"}],"predecessor-version":[{"id":232405,"href":"https:\/\/radiostargjilan.com\/web\/wp-json\/wp\/v2\/posts\/232403\/revisions\/232405"}],"wp:featuredmedia":[{"embeddable":true,"href":"https:\/\/radiostargjilan.com\/web\/wp-json\/wp\/v2\/media\/232404"}],"wp:attachment":[{"href":"https:\/\/radiostargjilan.com\/web\/wp-json\/wp\/v2\/media?parent=232403"}],"wp:term":[{"taxonomy":"category","embeddable":true,"href":"https:\/\/radiostargjilan.com\/web\/wp-json\/wp\/v2\/categories?post=232403"},{"taxonomy":"post_tag","embeddable":true,"href":"https:\/\/radiostargjilan.com\/web\/wp-json\/wp\/v2\/tags?post=232403"}],"curies":[{"name":"wp","href":"https:\/\/api.w.org\/{rel}","templated":true}]}}