{"id":232409,"date":"2026-04-23T16:12:29","date_gmt":"2026-04-23T14:12:29","guid":{"rendered":"https:\/\/radiostargjilan.com\/web\/?p=232409"},"modified":"2026-04-23T16:12:29","modified_gmt":"2026-04-23T14:12:29","slug":"neser-dite-zie-ne-kosove-ne-nderim-te-jetes-dhe-vepres-se-rexhep-qosjes","status":"publish","type":"post","link":"https:\/\/radiostargjilan.com\/web\/neser-dite-zie-ne-kosove-ne-nderim-te-jetes-dhe-vepres-se-rexhep-qosjes\/","title":{"rendered":"Nes\u00ebr dit\u00eb zie n\u00eb Kosov\u00eb n\u00eb nderim t\u00eb jet\u00ebs dhe vepr\u00ebs s\u00eb Rexhep Qosj\u00ebs"},"content":{"rendered":"<p>N\u00eb nderim t\u00eb jet\u00ebs dhe vepr\u00ebs s\u00eb akademik Rexhep Qosja, dita e nes\u00ebrme \u00ebsht\u00eb shpallur si Dit\u00eb zie shtet\u00ebrore n\u00eb Republik\u00ebn e Kosov\u00ebs.<\/p>\n<p>K\u00ebshtu ka njoftuar ushtruesja e detyr\u00ebs s\u00eb presidentes, Albulena Haxhiu.<\/p>\n<div class=\"jeg_ad jeg_ad_article jnews_content_inline_ads  \">\n<div class=\"ads-wrapper align-center \"><\/div>\n<\/div>\n<p>\u201cMe k\u00ebt\u00eb vendim, shteti yn\u00eb shpreh nderimin dhe mir\u00ebnjohjen p\u00ebr nj\u00eb personalitet q\u00eb i dha kultur\u00ebs shqiptare dije, vep\u00ebr dhe autoritet\u201d, ka shkruar ajo.<\/p>\n<p>Akademiku Qosja vdiq k\u00ebt\u00eb t\u00eb enjte n\u00eb mosh\u00ebn 89-vje\u00e7are dhe u varros n\u00eb varrezat e Dragodanit.<\/p>\n<figure id=\"attachment_579331\" class=\"wp-caption alignnone\" aria-describedby=\"caption-attachment-579331\"><img loading=\"lazy\" loading=\"lazy\" decoding=\"async\" class=\"wp-image-579331 size-full not-transparent\" src=\"https:\/\/teve1.info\/wp-content\/uploads\/2026\/04\/673946733_34890096827301007_6559050358684370654_n.avif\" sizes=\"auto, (max-width: 1274px) 100vw, 1274px\" srcset=\"https:\/\/teve1.info\/wp-content\/uploads\/2026\/04\/673946733_34890096827301007_6559050358684370654_n.avif 1274w, https:\/\/teve1.info\/wp-content\/uploads\/2026\/04\/673946733_34890096827301007_6559050358684370654_n-252x300.avif 252w, https:\/\/teve1.info\/wp-content\/uploads\/2026\/04\/673946733_34890096827301007_6559050358684370654_n-860x1024.avif 860w, https:\/\/teve1.info\/wp-content\/uploads\/2026\/04\/673946733_34890096827301007_6559050358684370654_n-126x150.avif 126w, https:\/\/teve1.info\/wp-content\/uploads\/2026\/04\/673946733_34890096827301007_6559050358684370654_n-768x914.avif 768w, https:\/\/teve1.info\/wp-content\/uploads\/2026\/04\/673946733_34890096827301007_6559050358684370654_n-750x893.avif 750w, https:\/\/teve1.info\/wp-content\/uploads\/2026\/04\/673946733_34890096827301007_6559050358684370654_n-1140x1357.avif 1140w\" alt=\"\" width=\"1274\" height=\"1517\" data-dominant-color=\"f6f7ed\" data-has-transparency=\"false\" data-pin-no-hover=\"true\" \/><\/figure>\n","protected":false},"excerpt":{"rendered":"<p>N\u00eb nderim t\u00eb jet\u00ebs dhe vepr\u00ebs s\u00eb akademik Rexhep Qosja, dita e nes\u00ebrme \u00ebsht\u00eb shpallur si Dit\u00eb zie shtet\u00ebrore n\u00eb Republik\u00ebn e Kosov\u00ebs. K\u00ebshtu ka njoftuar ushtruesja e detyr\u00ebs s\u00eb presidentes, Albulena Haxhiu. \u201cMe k\u00ebt\u00eb vendim, shteti yn\u00eb shpreh nderimin dhe mir\u00ebnjohjen p\u00ebr nj\u00eb personalitet q\u00eb i dha kultur\u00ebs shqiptare dije, vep\u00ebr dhe autoritet\u201d, ka [&hellip;]<\/p>\n","protected":false},"author":1,"featured_media":232395,"comment_status":"closed","ping_status":"closed","sticky":false,"template":"","format":"standard","meta":{"footnotes":""},"categories":[5],"tags":[],"class_list":{"0":"post-232409","1":"post","2":"type-post","3":"status-publish","4":"format-standard","5":"has-post-thumbnail","7":"category-lajme"},"_links":{"self":[{"href":"https:\/\/radiostargjilan.com\/web\/wp-json\/wp\/v2\/posts\/232409","targetHints":{"allow":["GET"]}}],"collection":[{"href":"https:\/\/radiostargjilan.com\/web\/wp-json\/wp\/v2\/posts"}],"about":[{"href":"https:\/\/radiostargjilan.com\/web\/wp-json\/wp\/v2\/types\/post"}],"author":[{"embeddable":true,"href":"https:\/\/radiostargjilan.com\/web\/wp-json\/wp\/v2\/users\/1"}],"replies":[{"embeddable":true,"href":"https:\/\/radiostargjilan.com\/web\/wp-json\/wp\/v2\/comments?post=232409"}],"version-history":[{"count":1,"href":"https:\/\/radiostargjilan.com\/web\/wp-json\/wp\/v2\/posts\/232409\/revisions"}],"predecessor-version":[{"id":232410,"href":"https:\/\/radiostargjilan.com\/web\/wp-json\/wp\/v2\/posts\/232409\/revisions\/232410"}],"wp:featuredmedia":[{"embeddable":true,"href":"https:\/\/radiostargjilan.com\/web\/wp-json\/wp\/v2\/media\/232395"}],"wp:attachment":[{"href":"https:\/\/radiostargjilan.com\/web\/wp-json\/wp\/v2\/media?parent=232409"}],"wp:term":[{"taxonomy":"category","embeddable":true,"href":"https:\/\/radiostargjilan.com\/web\/wp-json\/wp\/v2\/categories?post=232409"},{"taxonomy":"post_tag","embeddable":true,"href":"https:\/\/radiostargjilan.com\/web\/wp-json\/wp\/v2\/tags?post=232409"}],"curies":[{"name":"wp","href":"https:\/\/api.w.org\/{rel}","templated":true}]}}