{"id":232411,"date":"2026-04-23T17:01:52","date_gmt":"2026-04-23T15:01:52","guid":{"rendered":"https:\/\/radiostargjilan.com\/web\/?p=232411"},"modified":"2026-04-23T17:01:52","modified_gmt":"2026-04-23T15:01:52","slug":"hyseni-takon-perfaqesuesit-e-universiteti-kadri-zeka-dhe-dorezon-32-tableta","status":"publish","type":"post","link":"https:\/\/radiostargjilan.com\/web\/hyseni-takon-perfaqesuesit-e-universiteti-kadri-zeka-dhe-dorezon-32-tableta\/","title":{"rendered":"Hyseni takon p\u00ebrfaq\u00ebsuesit e Universiteti Kadri Zeka dhe dor\u00ebzon 32 tableta"},"content":{"rendered":"<p>Kryetari i Gjilanit, Alban Hyseni, ka pritur n\u00eb nj\u00eb takim pune p\u00ebrfaq\u00ebsuesit e Universiteti Kadri Zeka, ku \u00ebsht\u00eb diskutuar p\u00ebr forcimin e bashk\u00ebpunimit institucional dhe mb\u00ebshtetjen e vazhdueshme ndaj arsimit t\u00eb lart\u00eb n\u00eb qytet. Gjat\u00eb k\u00ebtij takimi, Komuna ka zyrtarizuar edhe nj\u00eb mb\u00ebshtetje konkrete p\u00ebr universitetin p\u00ebrmes dor\u00ebzimit t\u00eb 32 tabletave, t\u00eb cilat do t\u00eb sh\u00ebrbejn\u00eb p\u00ebr leht\u00ebsimin e proceseve m\u00ebsimore dhe k\u00ebrkimore.<\/p>\n<p>\u201cSot e nis\u00ebm dit\u00ebn me nj\u00eb takim pune me p\u00ebrfaq\u00ebsuesit e Universitetit Kadri Zeka n\u00eb Gjilan. Gjat\u00eb k\u00ebtij takimi, kemi zyrtarizuar mb\u00ebshtetjen ton\u00eb t\u00eb radh\u00ebs p\u00ebrmes dor\u00ebzimit t\u00eb 32 tabletave p\u00ebr nevojat e k\u00ebtij institucioni. K\u00ebto pajisje teknologjike jan\u00eb huazuar nga Komuna p\u00ebr nj\u00eb afat t\u00eb pacaktuar, me q\u00ebllim q\u00eb t\u00eb leht\u00ebsojn\u00eb pun\u00ebn k\u00ebrkimore dhe proceset m\u00ebsimore p\u00ebr stafin dhe student\u00ebt. Ky investim \u00ebsht\u00eb pjes\u00eb e angazhimit ton\u00eb t\u00eb vazhduesh\u00ebm p\u00ebr digjitalizimin e institucioneve dhe krijimin e kushteve sa m\u00eb moderne p\u00ebr studime. Universiteti Kadri Zeka \u00ebsht\u00eb nj\u00eb aset i r\u00ebnd\u00ebsish\u00ebm i Gjilanit dhe ne do t\u00eb vazhdojm\u00eb t\u00eb jemi partner\u00eb n\u00eb rrug\u00ebtimin e tyre drejt ngritjes s\u00eb cil\u00ebsis\u00eb akademike\u201d, ka shkruar Alban Hyseni.<\/p>\n","protected":false},"excerpt":{"rendered":"<p>Kryetari i Gjilanit, Alban Hyseni, ka pritur n\u00eb nj\u00eb takim pune p\u00ebrfaq\u00ebsuesit e Universiteti Kadri Zeka, ku \u00ebsht\u00eb diskutuar p\u00ebr forcimin e bashk\u00ebpunimit institucional dhe mb\u00ebshtetjen e vazhdueshme ndaj arsimit t\u00eb lart\u00eb n\u00eb qytet. Gjat\u00eb k\u00ebtij takimi, Komuna ka zyrtarizuar edhe nj\u00eb mb\u00ebshtetje konkrete p\u00ebr universitetin p\u00ebrmes dor\u00ebzimit t\u00eb 32 tabletave, t\u00eb cilat do t\u00eb [&hellip;]<\/p>\n","protected":false},"author":1,"featured_media":232412,"comment_status":"closed","ping_status":"closed","sticky":false,"template":"","format":"standard","meta":{"footnotes":""},"categories":[5],"tags":[],"class_list":{"0":"post-232411","1":"post","2":"type-post","3":"status-publish","4":"format-standard","5":"has-post-thumbnail","7":"category-lajme"},"_links":{"self":[{"href":"https:\/\/radiostargjilan.com\/web\/wp-json\/wp\/v2\/posts\/232411","targetHints":{"allow":["GET"]}}],"collection":[{"href":"https:\/\/radiostargjilan.com\/web\/wp-json\/wp\/v2\/posts"}],"about":[{"href":"https:\/\/radiostargjilan.com\/web\/wp-json\/wp\/v2\/types\/post"}],"author":[{"embeddable":true,"href":"https:\/\/radiostargjilan.com\/web\/wp-json\/wp\/v2\/users\/1"}],"replies":[{"embeddable":true,"href":"https:\/\/radiostargjilan.com\/web\/wp-json\/wp\/v2\/comments?post=232411"}],"version-history":[{"count":1,"href":"https:\/\/radiostargjilan.com\/web\/wp-json\/wp\/v2\/posts\/232411\/revisions"}],"predecessor-version":[{"id":232413,"href":"https:\/\/radiostargjilan.com\/web\/wp-json\/wp\/v2\/posts\/232411\/revisions\/232413"}],"wp:featuredmedia":[{"embeddable":true,"href":"https:\/\/radiostargjilan.com\/web\/wp-json\/wp\/v2\/media\/232412"}],"wp:attachment":[{"href":"https:\/\/radiostargjilan.com\/web\/wp-json\/wp\/v2\/media?parent=232411"}],"wp:term":[{"taxonomy":"category","embeddable":true,"href":"https:\/\/radiostargjilan.com\/web\/wp-json\/wp\/v2\/categories?post=232411"},{"taxonomy":"post_tag","embeddable":true,"href":"https:\/\/radiostargjilan.com\/web\/wp-json\/wp\/v2\/tags?post=232411"}],"curies":[{"name":"wp","href":"https:\/\/api.w.org\/{rel}","templated":true}]}}