{"id":232440,"date":"2026-04-24T07:30:20","date_gmt":"2026-04-24T05:30:20","guid":{"rendered":"https:\/\/radiostargjilan.com\/web\/?p=232440"},"modified":"2026-04-24T07:30:20","modified_gmt":"2026-04-24T05:30:20","slug":"parashikimi-i-motit-per-sot-475","status":"publish","type":"post","link":"https:\/\/radiostargjilan.com\/web\/parashikimi-i-motit-per-sot-475\/","title":{"rendered":"Parashikimi i motit p\u00ebr sot"},"content":{"rendered":"<p>T\u00eb premten parashikohet t\u00eb mbaj\u00eb mot me diell dhe vran\u00ebsira. M\u00ebngjesi do t\u00eb jet\u00eb i ftoht\u00eb dhe mund t\u00eb ket\u00eb brym\u00eb.<\/p>\n<p>Era do t\u00eb fryj\u00eb nga veriu dhe verilindja, e cila koh\u00eb pas kohe dhe lokalisht pritet t\u00eb jet\u00eb e fuqishme, me shpejt\u00ebsi prej 10-40 km\/h.<\/p>\n<p>Temperaturat do t\u00eb sh\u00ebnojn\u00eb ngritje t\u00eb m\u00ebtejshme, me minimale q\u00eb do t\u00eb l\u00ebvizin prej -1 deri n\u00eb 5\u00b0C, nd\u00ebrsa ato maksimale prej 16 deri n\u00eb 20\u00b0C. \/MeteoKosova\/<\/p>\n","protected":false},"excerpt":{"rendered":"<p>T\u00eb premten parashikohet t\u00eb mbaj\u00eb mot me diell dhe vran\u00ebsira. M\u00ebngjesi do t\u00eb jet\u00eb i ftoht\u00eb dhe mund t\u00eb ket\u00eb brym\u00eb. Era do t\u00eb fryj\u00eb nga veriu dhe verilindja, e cila koh\u00eb pas kohe dhe lokalisht pritet t\u00eb jet\u00eb e fuqishme, me shpejt\u00ebsi prej 10-40 km\/h. Temperaturat do t\u00eb sh\u00ebnojn\u00eb ngritje t\u00eb m\u00ebtejshme, me minimale [&hellip;]<\/p>\n","protected":false},"author":1,"featured_media":231240,"comment_status":"closed","ping_status":"closed","sticky":false,"template":"","format":"standard","meta":{"footnotes":""},"categories":[5],"tags":[],"class_list":{"0":"post-232440","1":"post","2":"type-post","3":"status-publish","4":"format-standard","5":"has-post-thumbnail","7":"category-lajme"},"_links":{"self":[{"href":"https:\/\/radiostargjilan.com\/web\/wp-json\/wp\/v2\/posts\/232440","targetHints":{"allow":["GET"]}}],"collection":[{"href":"https:\/\/radiostargjilan.com\/web\/wp-json\/wp\/v2\/posts"}],"about":[{"href":"https:\/\/radiostargjilan.com\/web\/wp-json\/wp\/v2\/types\/post"}],"author":[{"embeddable":true,"href":"https:\/\/radiostargjilan.com\/web\/wp-json\/wp\/v2\/users\/1"}],"replies":[{"embeddable":true,"href":"https:\/\/radiostargjilan.com\/web\/wp-json\/wp\/v2\/comments?post=232440"}],"version-history":[{"count":1,"href":"https:\/\/radiostargjilan.com\/web\/wp-json\/wp\/v2\/posts\/232440\/revisions"}],"predecessor-version":[{"id":232442,"href":"https:\/\/radiostargjilan.com\/web\/wp-json\/wp\/v2\/posts\/232440\/revisions\/232442"}],"wp:featuredmedia":[{"embeddable":true,"href":"https:\/\/radiostargjilan.com\/web\/wp-json\/wp\/v2\/media\/231240"}],"wp:attachment":[{"href":"https:\/\/radiostargjilan.com\/web\/wp-json\/wp\/v2\/media?parent=232440"}],"wp:term":[{"taxonomy":"category","embeddable":true,"href":"https:\/\/radiostargjilan.com\/web\/wp-json\/wp\/v2\/categories?post=232440"},{"taxonomy":"post_tag","embeddable":true,"href":"https:\/\/radiostargjilan.com\/web\/wp-json\/wp\/v2\/tags?post=232440"}],"curies":[{"name":"wp","href":"https:\/\/api.w.org\/{rel}","templated":true}]}}