{"id":232443,"date":"2026-04-24T08:05:09","date_gmt":"2026-04-24T06:05:09","guid":{"rendered":"https:\/\/radiostargjilan.com\/web\/?p=232443"},"modified":"2026-04-24T08:05:09","modified_gmt":"2026-04-24T06:05:09","slug":"berisha-akademiku-rexhep-qosja-ishte-nje-kolos-i-mendimit-shqiptar","status":"publish","type":"post","link":"https:\/\/radiostargjilan.com\/web\/berisha-akademiku-rexhep-qosja-ishte-nje-kolos-i-mendimit-shqiptar\/","title":{"rendered":"Berisha: Akademiku Rexhep Qosja ishte nj\u00eb kolos i mendimit shqiptar"},"content":{"rendered":"<p>Ish-kryeministri i Shqip\u00ebris\u00eb, Sali Berisha ka reaguar pas ndarjes nga jeta t\u00eb akademikut Rexhep Qosja, duke e vler\u00ebsuar at\u00eb si nj\u00eb figur\u00eb t\u00eb r\u00ebnd\u00ebsishme t\u00eb kultur\u00ebs dhe mendimit shqiptar.<\/p>\n<p>N\u00eb nj\u00eb postim n\u00eb Facebook, Berisha ka shkruar se me vdekjen e Qosjes kultura dhe mendimi shqiptar kan\u00eb humbur nj\u00eb figur\u00eb t\u00eb madhe.<\/p>\n<p>\u201cAkademiku Rexhep Qosja mbyll syt\u00eb p\u00ebrgjithmon\u00eb. T\u00eb dashur miq, dielli per\u00ebndoi p\u00ebrgjithmon\u00eb p\u00ebr akademikun Rexhep Qosja\u201d, ka shkruar Berisha.<\/p>\n<p>Ai thekson se Qosja ka l\u00ebn\u00eb gjurm\u00eb t\u00eb r\u00ebnd\u00ebsishme n\u00eb let\u00ebrsin\u00eb dhe mendimin politik shqiptar.<\/p>\n<p>\u201cKultura, mendimi letrar dhe shoq\u00ebror e politik shqiptar, polemika dhe letrat shqipe humb\u00ebn nj\u00eb kollos t\u00eb tyre, autor t\u00eb nj\u00eb serie veprash n\u00eb k\u00ebto fusha\u201d, thuhet n\u00eb postim.<\/p>\n<p>Berisha gjithashtu ka kujtuar edhe dallimet q\u00eb ka pasur me Qosjen, por duke theksuar respektin p\u00ebr t\u00eb.<\/p>\n<p>\u201cPavar\u00ebsisht nga kund\u00ebrshti, mospajtime dhe vler\u00ebsime t\u00eb ndryshme q\u00eb kam patur me Prof. Rexhep Qosen, kam ruajtur dhe do ruaj gjithmon\u00eb respektin dhe mir\u00ebnjohjen time ndaj tij\u201d, ka shkruar ai.<\/p>\n<p>Sipas Berish\u00ebs, Qosja ka pasur rol t\u00eb r\u00ebnd\u00ebsish\u00ebm n\u00eb mbrojtjen e \u00e7\u00ebshtjes s\u00eb Kosov\u00ebs gjat\u00eb viteve t\u00eb v\u00ebshtira.<\/p>\n<p>\u201cVe\u00e7an\u00ebrisht p\u00ebr koh\u00ebn kur ai ishte z\u00ebri publik i vet\u00ebm i fuqish\u00ebm i shqiptar\u00ebve pa z\u00eb e t\u00eb shtypur t\u00eb Kosov\u00ebs nga pushtuesi serb dhe m\u00eb von\u00eb p\u00ebr mb\u00ebshtetjen e pal\u00ebkundur q\u00eb i dha U\u00c7K-s\u00eb, por edhe q\u00ebndrimet e tij kritike ndaj zhvillimeve n\u00eb Kosov\u00eb dhe n\u00eb Shqip\u00ebri\u201d, thuhet m\u00eb tej.<\/p>\n<p>Berisha ka shprehur ngush\u00ebllime p\u00ebr familjen dhe autoritetet n\u00eb Kosov\u00eb.<\/p>\n<p>\u201cMe k\u00ebt\u00eb rast shpreh ngush\u00ebllimet e mia m\u00eb t\u00eb ndjera familjes, miqve, t\u00eb af\u00ebrmve dhe autoriteteve t\u00eb Kosov\u00ebs. I qoft\u00eb dheu i leht\u00eb i tok\u00ebs am\u00eb\u201d, shton ai.<\/p>\n","protected":false},"excerpt":{"rendered":"<p>Ish-kryeministri i Shqip\u00ebris\u00eb, Sali Berisha ka reaguar pas ndarjes nga jeta t\u00eb akademikut Rexhep Qosja, duke e vler\u00ebsuar at\u00eb si nj\u00eb figur\u00eb t\u00eb r\u00ebnd\u00ebsishme t\u00eb kultur\u00ebs dhe mendimit shqiptar. N\u00eb nj\u00eb postim n\u00eb Facebook, Berisha ka shkruar se me vdekjen e Qosjes kultura dhe mendimi shqiptar kan\u00eb humbur nj\u00eb figur\u00eb t\u00eb madhe. \u201cAkademiku Rexhep Qosja [&hellip;]<\/p>\n","protected":false},"author":1,"featured_media":232444,"comment_status":"closed","ping_status":"closed","sticky":false,"template":"","format":"standard","meta":{"footnotes":""},"categories":[5],"tags":[],"class_list":{"0":"post-232443","1":"post","2":"type-post","3":"status-publish","4":"format-standard","5":"has-post-thumbnail","7":"category-lajme"},"_links":{"self":[{"href":"https:\/\/radiostargjilan.com\/web\/wp-json\/wp\/v2\/posts\/232443","targetHints":{"allow":["GET"]}}],"collection":[{"href":"https:\/\/radiostargjilan.com\/web\/wp-json\/wp\/v2\/posts"}],"about":[{"href":"https:\/\/radiostargjilan.com\/web\/wp-json\/wp\/v2\/types\/post"}],"author":[{"embeddable":true,"href":"https:\/\/radiostargjilan.com\/web\/wp-json\/wp\/v2\/users\/1"}],"replies":[{"embeddable":true,"href":"https:\/\/radiostargjilan.com\/web\/wp-json\/wp\/v2\/comments?post=232443"}],"version-history":[{"count":1,"href":"https:\/\/radiostargjilan.com\/web\/wp-json\/wp\/v2\/posts\/232443\/revisions"}],"predecessor-version":[{"id":232445,"href":"https:\/\/radiostargjilan.com\/web\/wp-json\/wp\/v2\/posts\/232443\/revisions\/232445"}],"wp:featuredmedia":[{"embeddable":true,"href":"https:\/\/radiostargjilan.com\/web\/wp-json\/wp\/v2\/media\/232444"}],"wp:attachment":[{"href":"https:\/\/radiostargjilan.com\/web\/wp-json\/wp\/v2\/media?parent=232443"}],"wp:term":[{"taxonomy":"category","embeddable":true,"href":"https:\/\/radiostargjilan.com\/web\/wp-json\/wp\/v2\/categories?post=232443"},{"taxonomy":"post_tag","embeddable":true,"href":"https:\/\/radiostargjilan.com\/web\/wp-json\/wp\/v2\/tags?post=232443"}],"curies":[{"name":"wp","href":"https:\/\/api.w.org\/{rel}","templated":true}]}}