{"id":232468,"date":"2026-04-24T12:50:12","date_gmt":"2026-04-24T10:50:12","guid":{"rendered":"https:\/\/radiostargjilan.com\/web\/?p=232468"},"modified":"2026-04-24T12:50:12","modified_gmt":"2026-04-24T10:50:12","slug":"policia-e-rajonit-te-gjilanit-arreston-nje-person-per-fajde","status":"publish","type":"post","link":"https:\/\/radiostargjilan.com\/web\/policia-e-rajonit-te-gjilanit-arreston-nje-person-per-fajde\/","title":{"rendered":"Policia e rajonit t\u00eb Gjilanit arreston nj\u00eb person p\u00ebr \u201cfajde&#8221;"},"content":{"rendered":"<p>Policia e Kosov\u00ebs, p\u00ebrkat\u00ebsisht hetuesit nga Nj\u00ebsiti i Hetimeve Rajonale n\u00eb Gjilan me autorizim t\u00eb Prokuroris\u00eb Themelore n\u00eb Gjilan, kan\u00eb zhvilluar nj\u00eb hetim disa mujor\u00eb duke nd\u00ebrmarr veprime hetimore p\u00ebr mbledhjen e provave dhe d\u00ebshmive t\u00eb nevojshme p\u00ebrfshir\u00eb edhe p\u00ebrdorimin e masave t\u00eb fshehta teknike t\u00eb hetimit. Si rezultat i k\u00ebtyre veprimeve \u00ebsht\u00eb arritur t\u00eb sigurohen d\u00ebshmi dhe prova materiale me dyshime p\u00ebr p\u00ebrfshirje n\u00eb veprat penale \u201cFajdeja\u201d dhe \u2018\u2019Arm\u00ebmbajtje pa leje\u2019\u2019 t\u00eb t\u00eb dyshuarit B.S. (mashkull kosovar i vitit t\u00eb lindjes 1959), me banim n\u00eb komun\u00ebn e Vitis\u00eb.<\/p>\n<p>Me urdh\u00ebres\u00eb t\u00eb Gjykat\u00ebs Themelore n\u00eb Gjilan, sot m\u00eb dat\u00eb 24.04.2026 \u00ebsht\u00eb realizuar kontroll n\u00eb sht\u00ebpin\u00eb dhe objektet p\u00ebrcjell\u00ebse t\u00eb t\u00eb dyshuarit ku jan\u00eb gjetur dhe sekuestruar ;<\/p>\n<p>\u2022\u200bPara t\u00eb gatshme n\u00eb vler\u00eb prej pes\u00eb mij\u00eb (5000) euro,<br \/>\n\u2022\u200bNj\u00eb (1) pistolet\u00eb me gas,<br \/>\n\u2022\u200bNj\u00eb (1) pushk\u00eb gjuetie (me leje valide)<br \/>\n\u2022\u200bNj\u00eb (1) pistolet\u00eb me nj\u00eb karikator dhe kat\u00ebr (4) cop\u00eb fishek\u00eb cal.9X19mm (me leje valide)<br \/>\n\u2022\u200bNj\u00ebzet e n\u00ebnt\u00eb (29) cop\u00eb fishek\u00eb t\u00eb pushk\u00ebs s\u00eb gjuetis\u00eb e kalibrit 12 mm,<br \/>\n\u2022\u200bGjasht\u00ebdhjet\u00eb e nj\u00eb (61) cop\u00eb fishek\u00eb t\u00eb pistolet\u00ebs e kalibrit 9X19 mm.<\/p>\n<p>Personi i dyshuar \u00ebsht\u00eb intervistuar n\u00eb prezenc\u00eb t\u00eb avokatit t\u00eb tij mbrojt\u00ebs dhe me aktvendim t\u00eb prokurorit t\u00eb l\u00ebnd\u00ebs \u00ebsht\u00eb ndaluar n\u00eb qendr\u00ebn e ndalimit n\u00eb afat prej 48 or\u00ebsh.<\/p>\n<p>Hetimet lidhur me k\u00ebt\u00eb rast jan\u00eb duke vazhduar.<\/p>\n","protected":false},"excerpt":{"rendered":"<p>Policia e Kosov\u00ebs, p\u00ebrkat\u00ebsisht hetuesit nga Nj\u00ebsiti i Hetimeve Rajonale n\u00eb Gjilan me autorizim t\u00eb Prokuroris\u00eb Themelore n\u00eb Gjilan, kan\u00eb zhvilluar nj\u00eb hetim disa mujor\u00eb duke nd\u00ebrmarr veprime hetimore p\u00ebr mbledhjen e provave dhe d\u00ebshmive t\u00eb nevojshme p\u00ebrfshir\u00eb edhe p\u00ebrdorimin e masave t\u00eb fshehta teknike t\u00eb hetimit. Si rezultat i k\u00ebtyre veprimeve \u00ebsht\u00eb arritur t\u00eb [&hellip;]<\/p>\n","protected":false},"author":1,"featured_media":232469,"comment_status":"closed","ping_status":"closed","sticky":false,"template":"","format":"standard","meta":{"footnotes":""},"categories":[5],"tags":[],"class_list":{"0":"post-232468","1":"post","2":"type-post","3":"status-publish","4":"format-standard","5":"has-post-thumbnail","7":"category-lajme"},"_links":{"self":[{"href":"https:\/\/radiostargjilan.com\/web\/wp-json\/wp\/v2\/posts\/232468","targetHints":{"allow":["GET"]}}],"collection":[{"href":"https:\/\/radiostargjilan.com\/web\/wp-json\/wp\/v2\/posts"}],"about":[{"href":"https:\/\/radiostargjilan.com\/web\/wp-json\/wp\/v2\/types\/post"}],"author":[{"embeddable":true,"href":"https:\/\/radiostargjilan.com\/web\/wp-json\/wp\/v2\/users\/1"}],"replies":[{"embeddable":true,"href":"https:\/\/radiostargjilan.com\/web\/wp-json\/wp\/v2\/comments?post=232468"}],"version-history":[{"count":1,"href":"https:\/\/radiostargjilan.com\/web\/wp-json\/wp\/v2\/posts\/232468\/revisions"}],"predecessor-version":[{"id":232470,"href":"https:\/\/radiostargjilan.com\/web\/wp-json\/wp\/v2\/posts\/232468\/revisions\/232470"}],"wp:featuredmedia":[{"embeddable":true,"href":"https:\/\/radiostargjilan.com\/web\/wp-json\/wp\/v2\/media\/232469"}],"wp:attachment":[{"href":"https:\/\/radiostargjilan.com\/web\/wp-json\/wp\/v2\/media?parent=232468"}],"wp:term":[{"taxonomy":"category","embeddable":true,"href":"https:\/\/radiostargjilan.com\/web\/wp-json\/wp\/v2\/categories?post=232468"},{"taxonomy":"post_tag","embeddable":true,"href":"https:\/\/radiostargjilan.com\/web\/wp-json\/wp\/v2\/tags?post=232468"}],"curies":[{"name":"wp","href":"https:\/\/api.w.org\/{rel}","templated":true}]}}