{"id":232471,"date":"2026-04-24T12:57:35","date_gmt":"2026-04-24T10:57:35","guid":{"rendered":"https:\/\/radiostargjilan.com\/web\/?p=232471"},"modified":"2026-04-24T12:57:35","modified_gmt":"2026-04-24T10:57:35","slug":"reagon-fatos-geci-pas-deklaratave-ne-kuvend-kerkon-falje-publike","status":"publish","type":"post","link":"https:\/\/radiostargjilan.com\/web\/reagon-fatos-geci-pas-deklaratave-ne-kuvend-kerkon-falje-publike\/","title":{"rendered":"Reagon Fatos Geci pas deklaratave n\u00eb Kuvend, k\u00ebrkon falje publike"},"content":{"rendered":"<div class=\"td_block_wrap tdb_single_content tdi_193 td-pb-border-top td_block_template_1 td-post-content tagdiv-type\" data-td-block-uid=\"tdi_193\">\n<div class=\"tdb-block-inner td-fix-index\">\n<p>Pas deklaratave n\u00eb Kuvendin e Kosov\u00ebs, deputeti Fatos Geci ka reaguar publikisht duke k\u00ebrkuar falje p\u00ebr gjuh\u00ebn p\u00ebr gjuh\u00ebn e p\u00ebrdorur ndaj nj\u00eb deputeteje.<\/p>\n<p>N\u00eb reagimin e tij, Geci ka pranuar se m\u00ebnyra e komunikimit nuk ka qen\u00eb n\u00eb nivelin q\u00eb ai p\u00ebrfaq\u00ebson, duke shprehur keqardhje p\u00ebr uljen e standardit t\u00eb debatit parlamentar.<\/p>\n<p><strong>Reagimi i tij i plot\u00eb:<\/strong><\/p>\n<p>SQARIM<\/p>\n<p>Dua t\u00eb shpreh keqardhjen time t\u00eb sinqert\u00eb p\u00ebr m\u00ebnyr\u00ebn se si jam shprehur ndaj nj\u00eb deputeteje n\u00eb Kuvend t\u00eb Republik\u00ebs s\u00eb Kosov\u00ebs.<\/p>\n<p>Shprehjet e p\u00ebrdorura nuk pasqyrojn\u00eb nivelin e komunikimit q\u00eb p\u00ebrfaq\u00ebsoj e besoj! Shpreh keqardhje q\u00eb nuk arrita ta ruaj maturin\u00eb dhe ula nivelin e komunikimit n\u00eb t\u00eb sajin, i ndikuar nga provokimet dhe ofendimet q\u00eb m\u2019u b\u00ebn\u00eb.Gjithashtu, dua t\u00eb jem shum\u00eb i qart\u00eb n\u00eb q\u00ebndrimet e mia t\u00eb pal\u00ebkundura ndaj Ushtris\u00eb \u00c7lirimtare t\u00eb Kosov\u00ebs. Un\u00eb kam respekt dhe mir\u00ebnjohje t\u00eb thell\u00eb p\u00ebr U\u00c7K-n\u00eb, kontributi i saj \u00ebsht\u00eb i pakrahasuesh\u00ebm dhe i p\u00ebrjetsh\u00ebm.<\/p>\n<p>Me respekt dhe nderim i kujtoj t\u00eb gjith\u00eb ata q\u00eb kan\u00eb r\u00ebn\u00eb, por mbeten t\u00eb gjall\u00eb n\u00eb kujtes\u00ebn dhe zemr\u00ebn time.<\/p>\n<p>Megjithat\u00eb, kjo nuk n\u00ebnkupton q\u00eb mund t\u00eb mb\u00ebshtes individ\u00eb t\u00eb caktuar q\u00eb, n\u00eb rrethana t\u00eb caktuara, kan\u00eb qen\u00eb t\u00eb p\u00ebrfshir\u00eb n\u00eb veprime q\u00eb kan\u00eb prekur dhe rrezikuar drejtp\u00ebrdrejt familjen time. Ata q\u00eb kan vet\u00ebm pak njohuri per Komunikat\u00ebn 59, i kuptojn\u00eb q\u00ebndrimet e mia. Nuk mund ta harroj frik\u00ebn dhe pasigurin\u00eb p\u00ebr t\u00eb dal\u00eb i qet\u00eb nga sht\u00ebpia dhe p\u00ebr t\u2019u kthyer s\u00ebrish i sigurt, duke i gjetur t\u00eb gjall\u00eb prind\u00ebrit dhe familjen time t\u00eb madhe.K\u00ebto p\u00ebrvoja jan\u00eb t\u00eb thella dhe m\u00eb b\u00ebjn\u00eb q\u00eb, p\u00ebrtej respektit t\u00eb p\u00ebrgjithsh\u00ebm p\u00ebr luft\u00ebn e past\u00ebr t\u00eb U\u00c7K-s\u00eb dhe vlera t\u00eb larta, t\u00eb kem q\u00ebndrime t\u00eb rezervuara ndaj individ\u00ebve t\u00eb caktuar. K\u00ebto p\u00ebrjetime form\u00ebsojn\u00eb q\u00ebndrimet e mia.I Juaji, Fatos Geci.<\/p>\n<p><iframe loading=\"lazy\" class=\"entered lazyloaded\" src=\"https:\/\/www.facebook.com\/plugins\/post.php?href=https%3A%2F%2Fwww.facebook.com%2Fgecifatos%2Fposts%2Fpfbid0W7VKZR3cGx8MTtwt32vK9dbQXkxLdbNfABVTSzYc1mFxFfosyno2EB1N2aLCmV9Dl&amp;show_text=true&amp;width=500\" width=\"500\" height=\"751\" frameborder=\"0\" scrolling=\"no\" allowfullscreen=\"allowfullscreen\" data-rocket-lazyload=\"fitvidscompatible\" data-lazy-src=\"https:\/\/www.facebook.com\/plugins\/post.php?href=https%3A%2F%2Fwww.facebook.com%2Fgecifatos%2Fposts%2Fpfbid0W7VKZR3cGx8MTtwt32vK9dbQXkxLdbNfABVTSzYc1mFxFfosyno2EB1N2aLCmV9Dl&amp;show_text=true&amp;width=500\" data-ll-status=\"loaded\"><\/iframe><\/p>\n<\/div>\n<\/div>\n<div class=\"td_block_wrap td-a-rec td-a-rec-id-custom-spot td-a-rec-img tdi_194 td_block_template_1\">\n<div><\/div>\n<\/div>\n","protected":false},"excerpt":{"rendered":"<p>Pas deklaratave n\u00eb Kuvendin e Kosov\u00ebs, deputeti Fatos Geci ka reaguar publikisht duke k\u00ebrkuar falje p\u00ebr gjuh\u00ebn p\u00ebr gjuh\u00ebn e p\u00ebrdorur ndaj nj\u00eb deputeteje. N\u00eb reagimin e tij, Geci ka pranuar se m\u00ebnyra e komunikimit nuk ka qen\u00eb n\u00eb nivelin q\u00eb ai p\u00ebrfaq\u00ebson, duke shprehur keqardhje p\u00ebr uljen e standardit t\u00eb debatit parlamentar. Reagimi i [&hellip;]<\/p>\n","protected":false},"author":1,"featured_media":232277,"comment_status":"closed","ping_status":"closed","sticky":false,"template":"","format":"standard","meta":{"footnotes":""},"categories":[5],"tags":[],"class_list":{"0":"post-232471","1":"post","2":"type-post","3":"status-publish","4":"format-standard","5":"has-post-thumbnail","7":"category-lajme"},"_links":{"self":[{"href":"https:\/\/radiostargjilan.com\/web\/wp-json\/wp\/v2\/posts\/232471","targetHints":{"allow":["GET"]}}],"collection":[{"href":"https:\/\/radiostargjilan.com\/web\/wp-json\/wp\/v2\/posts"}],"about":[{"href":"https:\/\/radiostargjilan.com\/web\/wp-json\/wp\/v2\/types\/post"}],"author":[{"embeddable":true,"href":"https:\/\/radiostargjilan.com\/web\/wp-json\/wp\/v2\/users\/1"}],"replies":[{"embeddable":true,"href":"https:\/\/radiostargjilan.com\/web\/wp-json\/wp\/v2\/comments?post=232471"}],"version-history":[{"count":1,"href":"https:\/\/radiostargjilan.com\/web\/wp-json\/wp\/v2\/posts\/232471\/revisions"}],"predecessor-version":[{"id":232472,"href":"https:\/\/radiostargjilan.com\/web\/wp-json\/wp\/v2\/posts\/232471\/revisions\/232472"}],"wp:featuredmedia":[{"embeddable":true,"href":"https:\/\/radiostargjilan.com\/web\/wp-json\/wp\/v2\/media\/232277"}],"wp:attachment":[{"href":"https:\/\/radiostargjilan.com\/web\/wp-json\/wp\/v2\/media?parent=232471"}],"wp:term":[{"taxonomy":"category","embeddable":true,"href":"https:\/\/radiostargjilan.com\/web\/wp-json\/wp\/v2\/categories?post=232471"},{"taxonomy":"post_tag","embeddable":true,"href":"https:\/\/radiostargjilan.com\/web\/wp-json\/wp\/v2\/tags?post=232471"}],"curies":[{"name":"wp","href":"https:\/\/api.w.org\/{rel}","templated":true}]}}