{"id":232479,"date":"2026-04-24T14:44:46","date_gmt":"2026-04-24T12:44:46","guid":{"rendered":"https:\/\/radiostargjilan.com\/web\/?p=232479"},"modified":"2026-04-24T14:44:46","modified_gmt":"2026-04-24T12:44:46","slug":"kuvendi-miraton-anetaresimin-e-kosoves-ne-bordin-e-paqes","status":"publish","type":"post","link":"https:\/\/radiostargjilan.com\/web\/kuvendi-miraton-anetaresimin-e-kosoves-ne-bordin-e-paqes\/","title":{"rendered":"Kuvendi miraton an\u00ebtar\u00ebsimin e Kosov\u00ebs n\u00eb Bordin e Paqes"},"content":{"rendered":"<p>Kuvendi ka miratuar an\u00ebtar\u00ebsimin e Republik\u00ebs s\u00eb Kosov\u00ebs n\u00eb Bordin e Paqes.<\/p>\n<p>Me 103 vota p\u00ebr, deputet\u00ebt e ratifikuan me sukses k\u00ebt\u00eb marr\u00ebveshje.<\/p>\n<p>Kosova dhe Shqip\u00ebria jan\u00eb t\u00eb vetmet shtete nga rajoni i Ballkanit Per\u00ebndimor q\u00eb i jan\u00eb bashkuar Bordit t\u00eb Paqes, nd\u00ebrsa nga vendet e BE-s\u00eb, vet\u00ebm Hungaria dhe Bullgaria.<\/p>\n<p>Ky mekaniz\u00ebm \u00ebsht\u00eb formuar me synimin q\u00eb t\u00eb mbik\u00ebqyr\u00eb zbatimin e planeve t\u00eb paqes n\u00eb zonat e konfliktit, me fokus fillestar n\u00eb Rripin e Gaz\u00ebs dhe n\u00eb rind\u00ebrtimin e saj. Bordi u themelua dhe do t\u00eb udh\u00ebhiqet nga presidenti amerikan Donald Trump.<\/p>\n","protected":false},"excerpt":{"rendered":"<p>Kuvendi ka miratuar an\u00ebtar\u00ebsimin e Republik\u00ebs s\u00eb Kosov\u00ebs n\u00eb Bordin e Paqes. Me 103 vota p\u00ebr, deputet\u00ebt e ratifikuan me sukses k\u00ebt\u00eb marr\u00ebveshje. Kosova dhe Shqip\u00ebria jan\u00eb t\u00eb vetmet shtete nga rajoni i Ballkanit Per\u00ebndimor q\u00eb i jan\u00eb bashkuar Bordit t\u00eb Paqes, nd\u00ebrsa nga vendet e BE-s\u00eb, vet\u00ebm Hungaria dhe Bullgaria. Ky mekaniz\u00ebm \u00ebsht\u00eb formuar [&hellip;]<\/p>\n","protected":false},"author":1,"featured_media":232389,"comment_status":"closed","ping_status":"closed","sticky":false,"template":"","format":"standard","meta":{"footnotes":""},"categories":[5],"tags":[],"class_list":{"0":"post-232479","1":"post","2":"type-post","3":"status-publish","4":"format-standard","5":"has-post-thumbnail","7":"category-lajme"},"_links":{"self":[{"href":"https:\/\/radiostargjilan.com\/web\/wp-json\/wp\/v2\/posts\/232479","targetHints":{"allow":["GET"]}}],"collection":[{"href":"https:\/\/radiostargjilan.com\/web\/wp-json\/wp\/v2\/posts"}],"about":[{"href":"https:\/\/radiostargjilan.com\/web\/wp-json\/wp\/v2\/types\/post"}],"author":[{"embeddable":true,"href":"https:\/\/radiostargjilan.com\/web\/wp-json\/wp\/v2\/users\/1"}],"replies":[{"embeddable":true,"href":"https:\/\/radiostargjilan.com\/web\/wp-json\/wp\/v2\/comments?post=232479"}],"version-history":[{"count":1,"href":"https:\/\/radiostargjilan.com\/web\/wp-json\/wp\/v2\/posts\/232479\/revisions"}],"predecessor-version":[{"id":232480,"href":"https:\/\/radiostargjilan.com\/web\/wp-json\/wp\/v2\/posts\/232479\/revisions\/232480"}],"wp:featuredmedia":[{"embeddable":true,"href":"https:\/\/radiostargjilan.com\/web\/wp-json\/wp\/v2\/media\/232389"}],"wp:attachment":[{"href":"https:\/\/radiostargjilan.com\/web\/wp-json\/wp\/v2\/media?parent=232479"}],"wp:term":[{"taxonomy":"category","embeddable":true,"href":"https:\/\/radiostargjilan.com\/web\/wp-json\/wp\/v2\/categories?post=232479"},{"taxonomy":"post_tag","embeddable":true,"href":"https:\/\/radiostargjilan.com\/web\/wp-json\/wp\/v2\/tags?post=232479"}],"curies":[{"name":"wp","href":"https:\/\/api.w.org\/{rel}","templated":true}]}}