{"id":232509,"date":"2026-04-24T22:59:14","date_gmt":"2026-04-24T20:59:14","guid":{"rendered":"https:\/\/radiostargjilan.com\/web\/?p=232509"},"modified":"2026-04-24T22:59:14","modified_gmt":"2026-04-24T20:59:14","slug":"te-shtunen-seance-e-jashtezakonshme-ne-rend-dite-plotesimi-i-ligjit-mbi-ndarjet-buxhetore","status":"publish","type":"post","link":"https:\/\/radiostargjilan.com\/web\/te-shtunen-seance-e-jashtezakonshme-ne-rend-dite-plotesimi-i-ligjit-mbi-ndarjet-buxhetore\/","title":{"rendered":"T\u00eb shtun\u00ebn, seanc\u00eb e jasht\u00ebzakonshme \u2013 n\u00eb rend dite plot\u00ebsimi i ligjit mbi ndarjet buxhetore"},"content":{"rendered":"<p>Kuvendi i Kosov\u00ebs nuk po do t\u00eb pushoj\u00eb edhe p\u00ebr fundjav\u00eb.<\/p>\n<p>N\u00eb nj\u00eb njoftim p\u00ebr media nga Drejtoria p\u00ebr media dhe marr\u00ebdh\u00ebnie me publikun, b\u00ebhet me dije se t\u00eb shtun\u00ebn, nga ora 12:00, do t\u00eb mbahet seanc\u00eb e jasht\u00ebzakonshme plenare.<\/p>\n<p>N\u00eb rend dite jan\u00eb 5 pika, si n\u00eb vijim:<\/p>\n<p>Shqyrtimi i par\u00eb i Projektligjit nr.10\/L-045 p\u00ebr ndryshimin dhe plot\u00ebsimin e Ligjit nr. 10\/L-001 mbi ndarjet buxhetore p\u00ebr Buxhetin e Republik\u00ebs s\u00eb Kosov\u00ebs p\u00ebr vitin 2026,<br \/>\nShqyrtimi i par\u00eb i Projektligjit nr.10\/L-046 p\u00ebr ndryshimin dhe plot\u00ebsimin e Ligjit Nr. 05\/L-096 p\u00ebr Parandalimin e Pastrimit t\u00eb Parave dhe Luftimin e Financimit t\u00eb Terrorizmit,<br \/>\nShqyrtimi i par\u00eb i Projektligjit nr.10\/L-032 p\u00ebr Energjin\u00eb Elektrike,<br \/>\nShqyrtimi i par\u00eb i Projektligjit nr.10\/L-031 p\u00ebr Energjin\u00eb,<br \/>\nMocion p\u00ebr Shqyrtimin e dyt\u00eb t\u00eb Projektligjit nr.10\/L-019 p\u00ebr Byron\u00eb Shtet\u00ebrore p\u00ebr Verifikimin dhe Konfiskimin e Pasuris\u00eb s\u00eb Pajustifikueshme, me shmangie nga afatet nga Rregullorja e Kuvendit.<\/p>\n","protected":false},"excerpt":{"rendered":"<p>Kuvendi i Kosov\u00ebs nuk po do t\u00eb pushoj\u00eb edhe p\u00ebr fundjav\u00eb. N\u00eb nj\u00eb njoftim p\u00ebr media nga Drejtoria p\u00ebr media dhe marr\u00ebdh\u00ebnie me publikun, b\u00ebhet me dije se t\u00eb shtun\u00ebn, nga ora 12:00, do t\u00eb mbahet seanc\u00eb e jasht\u00ebzakonshme plenare. N\u00eb rend dite jan\u00eb 5 pika, si n\u00eb vijim: Shqyrtimi i par\u00eb i Projektligjit nr.10\/L-045 [&hellip;]<\/p>\n","protected":false},"author":1,"featured_media":232510,"comment_status":"closed","ping_status":"closed","sticky":false,"template":"","format":"standard","meta":{"footnotes":""},"categories":[5],"tags":[],"class_list":{"0":"post-232509","1":"post","2":"type-post","3":"status-publish","4":"format-standard","5":"has-post-thumbnail","7":"category-lajme"},"_links":{"self":[{"href":"https:\/\/radiostargjilan.com\/web\/wp-json\/wp\/v2\/posts\/232509","targetHints":{"allow":["GET"]}}],"collection":[{"href":"https:\/\/radiostargjilan.com\/web\/wp-json\/wp\/v2\/posts"}],"about":[{"href":"https:\/\/radiostargjilan.com\/web\/wp-json\/wp\/v2\/types\/post"}],"author":[{"embeddable":true,"href":"https:\/\/radiostargjilan.com\/web\/wp-json\/wp\/v2\/users\/1"}],"replies":[{"embeddable":true,"href":"https:\/\/radiostargjilan.com\/web\/wp-json\/wp\/v2\/comments?post=232509"}],"version-history":[{"count":1,"href":"https:\/\/radiostargjilan.com\/web\/wp-json\/wp\/v2\/posts\/232509\/revisions"}],"predecessor-version":[{"id":232511,"href":"https:\/\/radiostargjilan.com\/web\/wp-json\/wp\/v2\/posts\/232509\/revisions\/232511"}],"wp:featuredmedia":[{"embeddable":true,"href":"https:\/\/radiostargjilan.com\/web\/wp-json\/wp\/v2\/media\/232510"}],"wp:attachment":[{"href":"https:\/\/radiostargjilan.com\/web\/wp-json\/wp\/v2\/media?parent=232509"}],"wp:term":[{"taxonomy":"category","embeddable":true,"href":"https:\/\/radiostargjilan.com\/web\/wp-json\/wp\/v2\/categories?post=232509"},{"taxonomy":"post_tag","embeddable":true,"href":"https:\/\/radiostargjilan.com\/web\/wp-json\/wp\/v2\/tags?post=232509"}],"curies":[{"name":"wp","href":"https:\/\/api.w.org\/{rel}","templated":true}]}}