{"id":232512,"date":"2026-04-24T23:00:10","date_gmt":"2026-04-24T21:00:10","guid":{"rendered":"https:\/\/radiostargjilan.com\/web\/?p=232512"},"modified":"2026-04-24T23:00:10","modified_gmt":"2026-04-24T21:00:10","slug":"kuvendi-zgjedh-anetaret-e-kpm-se","status":"publish","type":"post","link":"https:\/\/radiostargjilan.com\/web\/kuvendi-zgjedh-anetaret-e-kpm-se\/","title":{"rendered":"Kuvendi zgjedh an\u00ebtar\u00ebt e KPM-s\u00eb"},"content":{"rendered":"<p>Deputet\u00ebt e Kuvendit t\u00eb Kosov\u00ebs kan\u00eb zgjedhur an\u00ebtar\u00ebt e Komisionit t\u00eb Pavarur p\u00ebr Media (KPM).<\/p>\n<p>Drita Morina, Besnik Berisha, Luljeta Krasniqi-Aliu dhe Hysni Mustafa jan\u00eb an\u00ebtar\u00ebt e rinj nga komuniteti shqiptar.<\/p>\n<p>Nd\u00ebrkaq, nga komunitetet jo shumic\u00eb, jan\u00eb zgjedhur Suada Gjokoviq dhe Serpin Emrushi.<\/p>\n","protected":false},"excerpt":{"rendered":"<p>Deputet\u00ebt e Kuvendit t\u00eb Kosov\u00ebs kan\u00eb zgjedhur an\u00ebtar\u00ebt e Komisionit t\u00eb Pavarur p\u00ebr Media (KPM). Drita Morina, Besnik Berisha, Luljeta Krasniqi-Aliu dhe Hysni Mustafa jan\u00eb an\u00ebtar\u00ebt e rinj nga komuniteti shqiptar. Nd\u00ebrkaq, nga komunitetet jo shumic\u00eb, jan\u00eb zgjedhur Suada Gjokoviq dhe Serpin Emrushi.<\/p>\n","protected":false},"author":1,"featured_media":232513,"comment_status":"closed","ping_status":"closed","sticky":false,"template":"","format":"standard","meta":{"footnotes":""},"categories":[5],"tags":[],"class_list":{"0":"post-232512","1":"post","2":"type-post","3":"status-publish","4":"format-standard","5":"has-post-thumbnail","7":"category-lajme"},"_links":{"self":[{"href":"https:\/\/radiostargjilan.com\/web\/wp-json\/wp\/v2\/posts\/232512","targetHints":{"allow":["GET"]}}],"collection":[{"href":"https:\/\/radiostargjilan.com\/web\/wp-json\/wp\/v2\/posts"}],"about":[{"href":"https:\/\/radiostargjilan.com\/web\/wp-json\/wp\/v2\/types\/post"}],"author":[{"embeddable":true,"href":"https:\/\/radiostargjilan.com\/web\/wp-json\/wp\/v2\/users\/1"}],"replies":[{"embeddable":true,"href":"https:\/\/radiostargjilan.com\/web\/wp-json\/wp\/v2\/comments?post=232512"}],"version-history":[{"count":1,"href":"https:\/\/radiostargjilan.com\/web\/wp-json\/wp\/v2\/posts\/232512\/revisions"}],"predecessor-version":[{"id":232514,"href":"https:\/\/radiostargjilan.com\/web\/wp-json\/wp\/v2\/posts\/232512\/revisions\/232514"}],"wp:featuredmedia":[{"embeddable":true,"href":"https:\/\/radiostargjilan.com\/web\/wp-json\/wp\/v2\/media\/232513"}],"wp:attachment":[{"href":"https:\/\/radiostargjilan.com\/web\/wp-json\/wp\/v2\/media?parent=232512"}],"wp:term":[{"taxonomy":"category","embeddable":true,"href":"https:\/\/radiostargjilan.com\/web\/wp-json\/wp\/v2\/categories?post=232512"},{"taxonomy":"post_tag","embeddable":true,"href":"https:\/\/radiostargjilan.com\/web\/wp-json\/wp\/v2\/tags?post=232512"}],"curies":[{"name":"wp","href":"https:\/\/api.w.org\/{rel}","templated":true}]}}